{"id":172265,"date":"2020-06-01T07:08:41","date_gmt":"2020-06-01T10:08:41","guid":{"rendered":"https:\/\/www.caririemacao.com\/1\/?p=172265"},"modified":"2020-06-01T07:08:41","modified_gmt":"2020-06-01T10:08:41","slug":"governador-deixa-eleicao-de-lado-e-diz-minha-obrigacao-agora-e-salvar-vidas","status":"publish","type":"post","link":"https:\/\/www.caririemacao.com\/1\/2020\/06\/01\/governador-deixa-eleicao-de-lado-e-diz-minha-obrigacao-agora-e-salvar-vidas\/","title":{"rendered":"Governador deixa elei\u00e7\u00e3o de lado e diz: \u201cMinha obriga\u00e7\u00e3o agora \u00e9 salvar vidas\u201d"},"content":{"rendered":"\n<h1 class=\"wp-block-heading\"><\/h1>\n\n\n\n<p>O governador Jo\u00e3o Azev\u00eado disse, agora h\u00e1 pouco, antecedendo a Live que far\u00e1 \u00e0s 18h00 deste domingo em seus canais nas redes sociais, quando ir\u00e1 detalhar os novos decretos e falar sobre o plano de retomada das atividades, que n\u00e3o est\u00e1 preocupado com as elei\u00e7\u00f5es este ano e muito menos com a sua reelei\u00e7\u00e3o. \u201cMinha obriga\u00e7\u00e3o agora \u00e9 salvar vidas\u201d, afirmou.<\/p>\n\n\n\n<p>A declara\u00e7\u00e3o do chefe do Executivo paraibano veio em resposta a setores que est\u00e3o se opondo \u00e0s medidas restritivas de deslocamento adotadas na regi\u00e3o metropolitana de Jo\u00e3o Pessoa pelo Governo do Estado, junto com os prefeitos das oito cidades que concentram mais de 70 por cento dos casos de Covid-19 em todo territ\u00f3rio paraibano.<\/p>\n\n\n\n<p>\u201cN\u00f3s tomamos as medidas corretas com base em dados cient\u00edficos e motivados pelo crescimento vertiginoso da propaga\u00e7\u00e3o do v\u00edrus em toda essa regi\u00e3o. E n\u00e3o em posicionamentos pol\u00edticos, ideol\u00f3gicos, mercadol\u00f3gicos ou eleitoreiros. Tem gente que tem interesses pr\u00f3prios de mercado ou j\u00e1 armou o palanque para disputas de prefeitos e vereadores e professam a abertura irrespons\u00e1vel \u2013 em um momento que a doen\u00e7a est\u00e1 em uma curva ascendente \u2013 sem preocupar-se com vidas humanas e com o colapso no sistema de sa\u00fade p\u00fablica e privada que isso poderia causar neste momento\u201d, afirmou o governador.<\/p>\n\n\n\n<p>Jo\u00e3o Azev\u00eado disse que tomou todas as medidas necess\u00e1rias para combater o v\u00edrus no momento certo e \u00e9 por isso que a Para\u00edba, ao contr\u00e1rio de outras localidades, n\u00e3o entrou em colapso e ningu\u00e9m deixou de ser atendido ou veio a \u00f3bito por falta de estrutura hospitalar at\u00e9 hoje.<\/p>\n\n\n\n<p>\u201cN\u00f3s ja entregamos um hospital em Santa Rita e nesta semana estamos inaugurando mais dois, um em Jo\u00e3o Pessoa e outro em Campina Grande. Disponibilizamos 816 leitos s\u00f3 para a Covid dentro do nosso Plano nas redes estaduais e municipais de sa\u00fade, com a contrata\u00e7\u00e3o de 3.525 profissionais convocados para garantir o funcionamento desses leitos. Adquirimos EPIs para os agentes de sa\u00fade e seguran\u00e7a, mais de 3 milh\u00f5es de m\u00e1scaras para a popula\u00e7\u00e3o e quase meio milh\u00e3o de testes, tornando a Para\u00edba, proporcionalmente, um dos estados que mais testa sua popula\u00e7\u00e3o\u201d, informou o governador do Estado.<\/p>\n","protected":false},"excerpt":{"rendered":"<p>O governador Jo\u00e3o Azev\u00eado disse, agora h\u00e1 pouco, antecedendo a Live que far\u00e1 \u00e0s 18h00 deste domingo em seus canais nas redes sociais, quando ir\u00e1&hellip; <\/p>\n","protected":false},"author":2,"featured_media":172266,"comment_status":"closed","ping_status":"closed","sticky":false,"template":"","format":"standard","meta":{"sfsi_plus_gutenberg_text_before_share":"","sfsi_plus_gutenberg_show_text_before_share":"","sfsi_plus_gutenberg_icon_type":"","sfsi_plus_gutenberg_icon_alignemt":"","sfsi_plus_gutenburg_max_per_row":"","footnotes":""},"categories":[2],"tags":[],"class_list":["post-172265","post","type-post","status-publish","format-standard","has-post-thumbnail","hentry","category-geral"],"_links":{"self":[{"href":"https:\/\/www.caririemacao.com\/1\/wp-json\/wp\/v2\/posts\/172265","targetHints":{"allow":["GET"]}}],"collection":[{"href":"https:\/\/www.caririemacao.com\/1\/wp-json\/wp\/v2\/posts"}],"about":[{"href":"https:\/\/www.caririemacao.com\/1\/wp-json\/wp\/v2\/types\/post"}],"author":[{"embeddable":true,"href":"https:\/\/www.caririemacao.com\/1\/wp-json\/wp\/v2\/users\/2"}],"replies":[{"embeddable":true,"href":"https:\/\/www.caririemacao.com\/1\/wp-json\/wp\/v2\/comments?post=172265"}],"version-history":[{"count":1,"href":"https:\/\/www.caririemacao.com\/1\/wp-json\/wp\/v2\/posts\/172265\/revisions"}],"predecessor-version":[{"id":172267,"href":"https:\/\/www.caririemacao.com\/1\/wp-json\/wp\/v2\/posts\/172265\/revisions\/172267"}],"wp:featuredmedia":[{"embeddable":true,"href":"https:\/\/www.caririemacao.com\/1\/wp-json\/wp\/v2\/media\/172266"}],"wp:attachment":[{"href":"https:\/\/www.caririemacao.com\/1\/wp-json\/wp\/v2\/media?parent=172265"}],"wp:term":[{"taxonomy":"category","embeddable":true,"href":"https:\/\/www.caririemacao.com\/1\/wp-json\/wp\/v2\/categories?post=172265"},{"taxonomy":"post_tag","embeddable":true,"href":"https:\/\/www.caririemacao.com\/1\/wp-json\/wp\/v2\/tags?post=172265"}],"curies":[{"name":"wp","href":"https:\/\/api.w.org\/{rel}","templated":true}]}}