{"id":172273,"date":"2020-06-01T07:20:52","date_gmt":"2020-06-01T10:20:52","guid":{"rendered":"https:\/\/www.caririemacao.com\/1\/?p=172273"},"modified":"2020-06-01T07:20:52","modified_gmt":"2020-06-01T10:20:52","slug":"agora-e-lei-municipios-da-paraiba-em-calamidade-publica-terao-que-criar-comites-de-crise","status":"publish","type":"post","link":"https:\/\/www.caririemacao.com\/1\/2020\/06\/01\/agora-e-lei-municipios-da-paraiba-em-calamidade-publica-terao-que-criar-comites-de-crise\/","title":{"rendered":"Agora \u00e9 lei: munic\u00edpios da Para\u00edba em calamidade p\u00fablica ter\u00e3o que criar Comit\u00eas de Crise"},"content":{"rendered":"\n<h1 class=\"wp-block-heading\"><\/h1>\n\n\n\n<p>Os prefeitos paraibanos que decretaram estado de calamidade p\u00fablica est\u00e3o obrigados a criar um Comit\u00ea de Crise Municipal para enfrentamento da pandemia do novo coronav\u00edrus, causador da Covid-19. A Lei 11.696, de autoria do deputado Raniery Paulino (MDB), foi sancionada pelo presidente da Assembleia Legislativa da Para\u00edba (ALPB), Adriano Galdino, e publicada na edi\u00e7\u00e3o deste s\u00e1bado (30) do Di\u00e1rio Oficial do Estado (DOE).<\/p>\n\n\n\n<p>Segundo o texto da Lei, o Comit\u00ea de Crise Municipal dever\u00e1 ser constitu\u00eddo por representantes das secretarias de Sa\u00fade, Educa\u00e7\u00e3o, Industria e Com\u00e9rcio, Obras e Servi\u00e7os Urbanos, al\u00e9m de representantes do setor produtivo local, da C\u00e2mara de Vereadores, Minist\u00e9rio P\u00fablico, Poder Judici\u00e1rio, Defensoria P\u00fablica e OAB-PB.\u201cMuitos munic\u00edpios est\u00e3o trabalhando em torno das a\u00e7\u00f5es de combate \u00e0 pandemia causada pelo coronav\u00edrus. Ocorre que, n\u00e3o se tem not\u00edcias da instala\u00e7\u00e3o de Comit\u00eas de Crise \u2013 com algumas exce\u00e7\u00f5es \u2013 diante da decreta\u00e7\u00e3o da anormalidade de \u00e2mbito municipal para a promo\u00e7\u00e3o das medidas de enfrentamento da pandemia classificada pela Organiza\u00e7\u00e3o Mundial da Sa\u00fade (OMS)\u201d, argumenta Raniery Paulino.<\/p>\n\n\n\n<p>O estado de calamidade p\u00fablica, lembra o deputado, \u00e9 decretado em situa\u00e7\u00f5es reconhecidamente anormais, decorrentes de desastres (naturais ou provocados) e que causam danos graves \u00e0 comunidade, inclusive amea\u00e7ando a vida da popula\u00e7\u00e3o. \u201cPor conseguinte, \u00e9 salutar que o governante municipal troque ideias com a sociedade, escute o setor produtivo local, avalie os conceitos dos \u00f3rg\u00e3os de justi\u00e7a, controle e monitoramento de a\u00e7\u00f5es\u201d, disse .<\/p>\n\n\n\n<p>O Comit\u00ea, ainda de acordo com a lei, ter\u00e1 como fun\u00e7\u00e3o promover a interlocu\u00e7\u00e3o institucional, visando prevenir a dissemina\u00e7\u00e3o do Coronav\u00edrus, solucionar demandas relacionadas ao enfrentamento da emerg\u00eancia de sa\u00fade p\u00fablica decorrente da pandemia, devendo se reunir \u201cpreferencialmente, atrav\u00e9s da internet, por meio de tele ou v\u00eddeo confer\u00eancia ou, ainda, m\u00e9todos que venham a ser criados e que atinjam os mesmos objetivos de permitir-lhes a participa\u00e7\u00e3o de forma segura e comprovada\u201d. Os munic\u00edpios que j\u00e1 possu\u00edrem Comit\u00eas de Crise dever\u00e3o acrescentar, por decreto, os \u00f3rg\u00e3os constantes nesta Lei. Os atos dever\u00e3o ser publicizados no prazo de 24 horas e, em observ\u00e2ncia \u00e0 transpar\u00eancia p\u00fablica.<\/p>\n","protected":false},"excerpt":{"rendered":"<p>Os prefeitos paraibanos que decretaram estado de calamidade p\u00fablica est\u00e3o obrigados a criar um Comit\u00ea de Crise Municipal para enfrentamento da pandemia do novo coronav\u00edrus,&hellip; <\/p>\n","protected":false},"author":2,"featured_media":172274,"comment_status":"closed","ping_status":"closed","sticky":false,"template":"","format":"standard","meta":{"sfsi_plus_gutenberg_text_before_share":"","sfsi_plus_gutenberg_show_text_before_share":"","sfsi_plus_gutenberg_icon_type":"","sfsi_plus_gutenberg_icon_alignemt":"","sfsi_plus_gutenburg_max_per_row":"","footnotes":""},"categories":[2],"tags":[],"class_list":["post-172273","post","type-post","status-publish","format-standard","has-post-thumbnail","hentry","category-geral"],"_links":{"self":[{"href":"https:\/\/www.caririemacao.com\/1\/wp-json\/wp\/v2\/posts\/172273","targetHints":{"allow":["GET"]}}],"collection":[{"href":"https:\/\/www.caririemacao.com\/1\/wp-json\/wp\/v2\/posts"}],"about":[{"href":"https:\/\/www.caririemacao.com\/1\/wp-json\/wp\/v2\/types\/post"}],"author":[{"embeddable":true,"href":"https:\/\/www.caririemacao.com\/1\/wp-json\/wp\/v2\/users\/2"}],"replies":[{"embeddable":true,"href":"https:\/\/www.caririemacao.com\/1\/wp-json\/wp\/v2\/comments?post=172273"}],"version-history":[{"count":1,"href":"https:\/\/www.caririemacao.com\/1\/wp-json\/wp\/v2\/posts\/172273\/revisions"}],"predecessor-version":[{"id":172275,"href":"https:\/\/www.caririemacao.com\/1\/wp-json\/wp\/v2\/posts\/172273\/revisions\/172275"}],"wp:featuredmedia":[{"embeddable":true,"href":"https:\/\/www.caririemacao.com\/1\/wp-json\/wp\/v2\/media\/172274"}],"wp:attachment":[{"href":"https:\/\/www.caririemacao.com\/1\/wp-json\/wp\/v2\/media?parent=172273"}],"wp:term":[{"taxonomy":"category","embeddable":true,"href":"https:\/\/www.caririemacao.com\/1\/wp-json\/wp\/v2\/categories?post=172273"},{"taxonomy":"post_tag","embeddable":true,"href":"https:\/\/www.caririemacao.com\/1\/wp-json\/wp\/v2\/tags?post=172273"}],"curies":[{"name":"wp","href":"https:\/\/api.w.org\/{rel}","templated":true}]}}