{"id":172277,"date":"2020-06-01T07:26:37","date_gmt":"2020-06-01T10:26:37","guid":{"rendered":"https:\/\/www.caririemacao.com\/1\/?p=172277"},"modified":"2020-06-01T07:26:37","modified_gmt":"2020-06-01T10:26:37","slug":"toffoli-recebe-alta-mas-continua-afastado-das-atividades-no-stf","status":"publish","type":"post","link":"https:\/\/www.caririemacao.com\/1\/2020\/06\/01\/toffoli-recebe-alta-mas-continua-afastado-das-atividades-no-stf\/","title":{"rendered":"Toffoli recebe alta, mas continua afastado das atividades no STF"},"content":{"rendered":"\n<h1 class=\"wp-block-heading\"><\/h1>\n\n\n\n<p>Toffoli ainda ficar\u00e1 de licen\u00e7a m\u00e9dica por mais uma semana, at\u00e9 o pr\u00f3ximo domingo (7), segundo divulgou sua assessoria. As informa\u00e7\u00f5es s\u00e3o da Ag\u00eancia Brasil.<\/p>\n\n\n\n<p>Apesar de a cirurgia, realizada no dia 23, ter transcorrido bem, o ministro apresentou sintomas da Covid-19 e ficou internado para observa\u00e7\u00e3o. Os exames realizados pelo ministro deram negativo para o novo coronav\u00edrus.<\/p>\n\n\n\n<p>Na aus\u00eancia de Toffoli, o Supremo \u00e9 comandado pelo vice-presidente, o ministro Luiz Fux.<\/p>\n","protected":false},"excerpt":{"rendered":"<p>Toffoli ainda ficar\u00e1 de licen\u00e7a m\u00e9dica por mais uma semana, at\u00e9 o pr\u00f3ximo domingo (7), segundo divulgou sua assessoria. As informa\u00e7\u00f5es s\u00e3o da Ag\u00eancia Brasil.&hellip; <\/p>\n","protected":false},"author":2,"featured_media":172278,"comment_status":"closed","ping_status":"closed","sticky":false,"template":"","format":"standard","meta":{"sfsi_plus_gutenberg_text_before_share":"","sfsi_plus_gutenberg_show_text_before_share":"","sfsi_plus_gutenberg_icon_type":"","sfsi_plus_gutenberg_icon_alignemt":"","sfsi_plus_gutenburg_max_per_row":"","footnotes":""},"categories":[2],"tags":[],"class_list":["post-172277","post","type-post","status-publish","format-standard","has-post-thumbnail","hentry","category-geral"],"_links":{"self":[{"href":"https:\/\/www.caririemacao.com\/1\/wp-json\/wp\/v2\/posts\/172277","targetHints":{"allow":["GET"]}}],"collection":[{"href":"https:\/\/www.caririemacao.com\/1\/wp-json\/wp\/v2\/posts"}],"about":[{"href":"https:\/\/www.caririemacao.com\/1\/wp-json\/wp\/v2\/types\/post"}],"author":[{"embeddable":true,"href":"https:\/\/www.caririemacao.com\/1\/wp-json\/wp\/v2\/users\/2"}],"replies":[{"embeddable":true,"href":"https:\/\/www.caririemacao.com\/1\/wp-json\/wp\/v2\/comments?post=172277"}],"version-history":[{"count":1,"href":"https:\/\/www.caririemacao.com\/1\/wp-json\/wp\/v2\/posts\/172277\/revisions"}],"predecessor-version":[{"id":172279,"href":"https:\/\/www.caririemacao.com\/1\/wp-json\/wp\/v2\/posts\/172277\/revisions\/172279"}],"wp:featuredmedia":[{"embeddable":true,"href":"https:\/\/www.caririemacao.com\/1\/wp-json\/wp\/v2\/media\/172278"}],"wp:attachment":[{"href":"https:\/\/www.caririemacao.com\/1\/wp-json\/wp\/v2\/media?parent=172277"}],"wp:term":[{"taxonomy":"category","embeddable":true,"href":"https:\/\/www.caririemacao.com\/1\/wp-json\/wp\/v2\/categories?post=172277"},{"taxonomy":"post_tag","embeddable":true,"href":"https:\/\/www.caririemacao.com\/1\/wp-json\/wp\/v2\/tags?post=172277"}],"curies":[{"name":"wp","href":"https:\/\/api.w.org\/{rel}","templated":true}]}}