{"id":172281,"date":"2020-06-01T07:31:15","date_gmt":"2020-06-01T10:31:15","guid":{"rendered":"https:\/\/www.caririemacao.com\/1\/?p=172281"},"modified":"2020-06-01T07:31:15","modified_gmt":"2020-06-01T10:31:15","slug":"brasil-ultrapassa-500-mil-casos-de-coronavirus","status":"publish","type":"post","link":"https:\/\/www.caririemacao.com\/1\/2020\/06\/01\/brasil-ultrapassa-500-mil-casos-de-coronavirus\/","title":{"rendered":"Brasil ultrapassa 500 mil casos de coronav\u00edrus"},"content":{"rendered":"\n<h1 class=\"wp-block-heading\"><\/h1>\n\n\n\n<p>Veja os dados sobre o coronav\u00edrus no Brasil neste domingo (31), segundo levantamento exclusivo do G1 junto \u00e0s secretarias estaduais de sa\u00fade. Foram registradas 29.013 mortes provocadas pela Covid-19 e 505.487 casos confirmados da doen\u00e7a em todo o pa\u00eds.<\/p>\n\n\n\n<p>Desde 22 de maio, o Brasil \u00e9 o segundo pa\u00eds com mais casos confirmados de Covid-19, atr\u00e1s apenas dos Estados Unidos, que registravam mais de 1,7 milh\u00e3o de casos neste domingo, segundo balan\u00e7o global feito pela universidade norte-americana Johns Hopkins.<\/p>\n\n\n\n<p>Os EUA atingiram a marca de 500 mil casos em 10 de abril, data em que havia 18.693 mortos pela doen\u00e7a no pa\u00eds. A primeira morte entre os norte-americanos ocorreu em 6 de fevereiro. O Brasil registrou a primeira morte por Covid-19 em 16 de mar\u00e7o.<\/p>\n\n\n\n<p>Neste s\u00e1bado (30), o Brasil passou a Fran\u00e7a em n\u00famero de mortes por Covid-19, quando o pa\u00eds europeu, um dos mais afetados pela pandemia, tinha 27.121 mortos no balan\u00e7o da Johns Hopkins. O balan\u00e7o do Minist\u00e9rio da Sa\u00fade informou 28.834 mortos e 498.440 casos. Somos agora o quarto pa\u00eds em n\u00famero de mortos pela doen\u00e7a, atr\u00e1s de EUA, Reino Unido e It\u00e1lia.<\/p>\n\n\n\n<p>Mesmo com a grande quantidade de casos, estudos estimam que os n\u00fameros reais sejam ainda maiores no Brasil devido \u00e0s subnotifica\u00e7\u00f5es. Uma pesquisa coordenada pela Universidade Federal de Pelotas (UFPel) indica que o pa\u00eds tem sete vezes mais casos de coronav\u00edrus do que apontam as estat\u00edsticas oficiais.<\/p>\n","protected":false},"excerpt":{"rendered":"<p>Veja os dados sobre o coronav\u00edrus no Brasil neste domingo (31), segundo levantamento exclusivo do G1 junto \u00e0s secretarias estaduais de sa\u00fade. Foram registradas 29.013&hellip; <\/p>\n","protected":false},"author":2,"featured_media":172282,"comment_status":"closed","ping_status":"closed","sticky":false,"template":"","format":"standard","meta":{"sfsi_plus_gutenberg_text_before_share":"","sfsi_plus_gutenberg_show_text_before_share":"","sfsi_plus_gutenberg_icon_type":"","sfsi_plus_gutenberg_icon_alignemt":"","sfsi_plus_gutenburg_max_per_row":"","footnotes":""},"categories":[50,2],"tags":[],"class_list":["post-172281","post","type-post","status-publish","format-standard","has-post-thumbnail","hentry","category-destaque","category-geral"],"_links":{"self":[{"href":"https:\/\/www.caririemacao.com\/1\/wp-json\/wp\/v2\/posts\/172281","targetHints":{"allow":["GET"]}}],"collection":[{"href":"https:\/\/www.caririemacao.com\/1\/wp-json\/wp\/v2\/posts"}],"about":[{"href":"https:\/\/www.caririemacao.com\/1\/wp-json\/wp\/v2\/types\/post"}],"author":[{"embeddable":true,"href":"https:\/\/www.caririemacao.com\/1\/wp-json\/wp\/v2\/users\/2"}],"replies":[{"embeddable":true,"href":"https:\/\/www.caririemacao.com\/1\/wp-json\/wp\/v2\/comments?post=172281"}],"version-history":[{"count":1,"href":"https:\/\/www.caririemacao.com\/1\/wp-json\/wp\/v2\/posts\/172281\/revisions"}],"predecessor-version":[{"id":172283,"href":"https:\/\/www.caririemacao.com\/1\/wp-json\/wp\/v2\/posts\/172281\/revisions\/172283"}],"wp:featuredmedia":[{"embeddable":true,"href":"https:\/\/www.caririemacao.com\/1\/wp-json\/wp\/v2\/media\/172282"}],"wp:attachment":[{"href":"https:\/\/www.caririemacao.com\/1\/wp-json\/wp\/v2\/media?parent=172281"}],"wp:term":[{"taxonomy":"category","embeddable":true,"href":"https:\/\/www.caririemacao.com\/1\/wp-json\/wp\/v2\/categories?post=172281"},{"taxonomy":"post_tag","embeddable":true,"href":"https:\/\/www.caririemacao.com\/1\/wp-json\/wp\/v2\/tags?post=172281"}],"curies":[{"name":"wp","href":"https:\/\/api.w.org\/{rel}","templated":true}]}}