{"id":172285,"date":"2020-06-01T07:33:34","date_gmt":"2020-06-01T10:33:34","guid":{"rendered":"https:\/\/www.caririemacao.com\/1\/?p=172285"},"modified":"2020-06-01T07:33:34","modified_gmt":"2020-06-01T10:33:34","slug":"brasil-tem-manifestacoes-a-favor-e-contra-bolsonaro","status":"publish","type":"post","link":"https:\/\/www.caririemacao.com\/1\/2020\/06\/01\/brasil-tem-manifestacoes-a-favor-e-contra-bolsonaro\/","title":{"rendered":"Brasil tem manifesta\u00e7\u00f5es a favor e contra Bolsonaro"},"content":{"rendered":"\n<h1 class=\"wp-block-heading\"><\/h1>\n\n\n\n<p>O governo Jair Bolsonaro foi alvo neste domingo, 31, de manifesta\u00e7\u00f5es de apoio e de protesto. Em Bras\u00edlia, como tem ocorrido com frequ\u00eancia nos \u00faltimos domingos, centenas de pessoas, a maioria vestida de verde e amarelo, fizeram ato a favor do presidente. Em S\u00e3o Paulo, houve um protesto liderado por torcidas organizadas de times de futebol contra Bolsonaro. No Rio de Janeiro, houve manifesta\u00e7\u00f5es contra e a favor simultaneamente e no mesmo local, em Copacabana.<\/p>\n\n\n\n<p>Em Bras\u00edlia, o presidente, mais uma vez, participou do ato, sem m\u00e1scara \u2013 em meio \u00e0 pandemia do coronav\u00edrus \u2013 e cumprimentou manifestantes com acenos e apertos de m\u00e3o. Antes, sobrevoou o local de helic\u00f3ptero do governo, como j\u00e1 havia feito no domingo anterior. Depois, pediu para montar um cavalo da Pol\u00edcia Militar que fazia a seguran\u00e7a do evento e cavalgou por um trecho, ovacionado pelos manifestantes.<\/p>\n\n\n\n<p>Como em outros atos desse tipo na capital federal, as principais faixas traziam cr\u00edticas ao Supremo Tribunal Federal, que conduz um inqu\u00e9rito sobre fake news que chegou a v\u00e1rios pol\u00edticos, ativistas e empres\u00e1rios ligados ao bolsonarismo. Tamb\u00e9m havia ataques ao Congresso e pedidos de interven\u00e7\u00e3o militar.<\/p>\n\n\n\n<p>Em S\u00e3o Paulo, centenas de manifestantes \u2013 a maioria ligada \u00e0 torcidas organizadas do Corinthians \u2013 fizeram um ato na Avenida Paulista, vestidos de pretos, com gritos pela democracia e contra a ditadura e o fascismo. O Corinthians tem uma liga\u00e7\u00e3o hist\u00f3ria com a democracia, em raz\u00e3o do movimento liderado na d\u00e9cada de 1980 por jogadores como S\u00f3crates e Casagrande durante a ditadura militar e que foi lembrado no ato.<\/p>\n\n\n\n<p>Ao contr\u00e1rio de outras manifesta\u00e7\u00f5es realizadas recentemente na avenida, houve confus\u00e3o com a Pol\u00edcia Miitar, que chegou a jogar ao menos uma bomba de g\u00e1s contra os manifestantes no in\u00edcio da tarde, no ponto pr\u00f3ximo ao Museu de Arte de S\u00e3o Paulo, onde o grupo protestava. Os manifestantes responderam atirando pedras e garrafas. Os participantes do ato, al\u00e9m de pedir democracia e recha\u00e7ar a ditadura e o fascismo, defendiam o impeachment de Bolsonaro.<\/p>\n\n\n\n<p>No Rio de Janeiro, de manh\u00e3, grupos pr\u00f3 e contra Bolsonaro ficaram frente a frente na praia de Copacabana. Os manifestantes bolsonaristas criticavam o STF e o Congresso e pediam o impeachment do governador Wilson Witzel (PSC), desafeto de Bolsonaro.<\/p>\n\n\n\n<p>O grupo de oposi\u00e7\u00e3o a Bolsonaro se apresentava como antifascista \u2013 assim como os manifestantes de S\u00e3o Paulo \u2013 , gesto que repetia algo que j\u00e1 havia ocorrido em Porto Alegre, h\u00e1 duas semanas, quando militantes enfrentaram uma manifesta\u00e7\u00e3o bolsonarista<\/p>\n","protected":false},"excerpt":{"rendered":"<p>O governo Jair Bolsonaro foi alvo neste domingo, 31, de manifesta\u00e7\u00f5es de apoio e de protesto. Em Bras\u00edlia, como tem ocorrido com frequ\u00eancia nos \u00faltimos&hellip; <\/p>\n","protected":false},"author":2,"featured_media":172286,"comment_status":"closed","ping_status":"closed","sticky":false,"template":"","format":"standard","meta":{"sfsi_plus_gutenberg_text_before_share":"","sfsi_plus_gutenberg_show_text_before_share":"","sfsi_plus_gutenberg_icon_type":"","sfsi_plus_gutenberg_icon_alignemt":"","sfsi_plus_gutenburg_max_per_row":"","footnotes":""},"categories":[2],"tags":[],"class_list":["post-172285","post","type-post","status-publish","format-standard","has-post-thumbnail","hentry","category-geral"],"_links":{"self":[{"href":"https:\/\/www.caririemacao.com\/1\/wp-json\/wp\/v2\/posts\/172285","targetHints":{"allow":["GET"]}}],"collection":[{"href":"https:\/\/www.caririemacao.com\/1\/wp-json\/wp\/v2\/posts"}],"about":[{"href":"https:\/\/www.caririemacao.com\/1\/wp-json\/wp\/v2\/types\/post"}],"author":[{"embeddable":true,"href":"https:\/\/www.caririemacao.com\/1\/wp-json\/wp\/v2\/users\/2"}],"replies":[{"embeddable":true,"href":"https:\/\/www.caririemacao.com\/1\/wp-json\/wp\/v2\/comments?post=172285"}],"version-history":[{"count":1,"href":"https:\/\/www.caririemacao.com\/1\/wp-json\/wp\/v2\/posts\/172285\/revisions"}],"predecessor-version":[{"id":172287,"href":"https:\/\/www.caririemacao.com\/1\/wp-json\/wp\/v2\/posts\/172285\/revisions\/172287"}],"wp:featuredmedia":[{"embeddable":true,"href":"https:\/\/www.caririemacao.com\/1\/wp-json\/wp\/v2\/media\/172286"}],"wp:attachment":[{"href":"https:\/\/www.caririemacao.com\/1\/wp-json\/wp\/v2\/media?parent=172285"}],"wp:term":[{"taxonomy":"category","embeddable":true,"href":"https:\/\/www.caririemacao.com\/1\/wp-json\/wp\/v2\/categories?post=172285"},{"taxonomy":"post_tag","embeddable":true,"href":"https:\/\/www.caririemacao.com\/1\/wp-json\/wp\/v2\/tags?post=172285"}],"curies":[{"name":"wp","href":"https:\/\/api.w.org\/{rel}","templated":true}]}}