{"id":172289,"date":"2020-06-01T07:37:59","date_gmt":"2020-06-01T10:37:59","guid":{"rendered":"https:\/\/www.caririemacao.com\/1\/?p=172289"},"modified":"2020-06-01T07:38:00","modified_gmt":"2020-06-01T10:38:00","slug":"idosa-de-105-anos-tem-alta-apos-30-dias-internada-com-covid-19","status":"publish","type":"post","link":"https:\/\/www.caririemacao.com\/1\/2020\/06\/01\/idosa-de-105-anos-tem-alta-apos-30-dias-internada-com-covid-19\/","title":{"rendered":"Idosa de 105 anos tem alta ap\u00f3s 30 dias internada com Covid-19"},"content":{"rendered":"\n<h1 class=\"wp-block-heading\"><\/h1>\n\n\n\n<p>Na \u00faltima sexta-feira (29), por\u00e9m, ela recebeu alta hospitalar e, segundo a prefeitura, \u00e9 a paciente mais velha a se curar da doen\u00e7a no pa\u00eds.<\/p>\n\n\n\n<p>Ela teve alta da enfermaria da Funda\u00e7\u00e3o Doutor Thomas, da Prefeitura de Manaus, com outros 14 idosos que tamb\u00e9m se recuperaram da doen\u00e7a e foram liberados pela equipe m\u00e9dica. Com isso, o n\u00famero de internados na institui\u00e7\u00e3o foi zerado.<\/p>\n\n\n\n<p>A alta hospitalar ocorreu em meio a m\u00fasicas e com a presen\u00e7a da equipe m\u00e9dica e de funcion\u00e1rios da institui\u00e7\u00e3o. Os 15 pacientes deixaram a enfermaria montada nas depend\u00eancias da funda\u00e7\u00e3o em meio \u00e0 pandemia.<\/p>\n\n\n\n<p>Com isso, retornaram para os pavilh\u00f5es, em seus quartos individuais em que estavam antes de serem internados.<\/p>\n\n\n\n<p>A pandemia do novo coronav\u00edrus j\u00e1 provocou mais de 20 mortes em asilos no interior de S\u00e3o Paulo, isolou idosos nas institui\u00e7\u00f5es e for\u00e7ou a transfer\u00eancia de 30 deles para um hotel.<\/p>\n\n\n\n<p>Em Manaus, Arminda inclusive comemorou seu anivers\u00e1rio de 105 anos durante a interna\u00e7\u00e3o, em 12 de maio. Ela reside na institui\u00e7\u00e3o h\u00e1 34 anos e, durante sua recupera\u00e7\u00e3o da doen\u00e7a, ganhou festa de anivers\u00e1rio dos funcion\u00e1rios da casa.<br>Por meio da assessoria da prefeitura da capital do Amazonas, a m\u00e9dica Simone Henriques disse que a recupera\u00e7\u00e3o da idosa, que perdeu a vis\u00e3o devido a diabetes, foi uma surpresa.<\/p>\n\n\n\n<p>Ela recebeu suporte de ventila\u00e7\u00e3o n\u00e3o invasiva e medicamentos \u2013que levaram em conta a fun\u00e7\u00e3o renal dela e a idade.<\/p>\n\n\n\n<p>&#8220;O caso da dona Arminda, que se torna a pessoa mais idosa a vencer a Covid-19 no Brasil, \u00e9 motivo de muito orgulho para a Funda\u00e7\u00e3o Doutor Thomas. Estou imensamente feliz e grata&#8221;, disse, tamb\u00e9m via assessoria, a diretora-presidente da funda\u00e7\u00e3o, Martha Moutinho.<\/p>\n\n\n\n<p>Dos 15 idosos que tiveram alta, 9 s\u00e3o homens e 6, mulheres, com idades entre 62 e 105 anos.<\/p>\n","protected":false},"excerpt":{"rendered":"<p>Na \u00faltima sexta-feira (29), por\u00e9m, ela recebeu alta hospitalar e, segundo a prefeitura, \u00e9 a paciente mais velha a se curar da doen\u00e7a no pa\u00eds.&hellip; <\/p>\n","protected":false},"author":2,"featured_media":169112,"comment_status":"closed","ping_status":"closed","sticky":false,"template":"","format":"standard","meta":{"sfsi_plus_gutenberg_text_before_share":"","sfsi_plus_gutenberg_show_text_before_share":"","sfsi_plus_gutenberg_icon_type":"","sfsi_plus_gutenberg_icon_alignemt":"","sfsi_plus_gutenburg_max_per_row":"","footnotes":""},"categories":[50,2],"tags":[],"class_list":["post-172289","post","type-post","status-publish","format-standard","has-post-thumbnail","hentry","category-destaque","category-geral"],"_links":{"self":[{"href":"https:\/\/www.caririemacao.com\/1\/wp-json\/wp\/v2\/posts\/172289","targetHints":{"allow":["GET"]}}],"collection":[{"href":"https:\/\/www.caririemacao.com\/1\/wp-json\/wp\/v2\/posts"}],"about":[{"href":"https:\/\/www.caririemacao.com\/1\/wp-json\/wp\/v2\/types\/post"}],"author":[{"embeddable":true,"href":"https:\/\/www.caririemacao.com\/1\/wp-json\/wp\/v2\/users\/2"}],"replies":[{"embeddable":true,"href":"https:\/\/www.caririemacao.com\/1\/wp-json\/wp\/v2\/comments?post=172289"}],"version-history":[{"count":1,"href":"https:\/\/www.caririemacao.com\/1\/wp-json\/wp\/v2\/posts\/172289\/revisions"}],"predecessor-version":[{"id":172290,"href":"https:\/\/www.caririemacao.com\/1\/wp-json\/wp\/v2\/posts\/172289\/revisions\/172290"}],"wp:featuredmedia":[{"embeddable":true,"href":"https:\/\/www.caririemacao.com\/1\/wp-json\/wp\/v2\/media\/169112"}],"wp:attachment":[{"href":"https:\/\/www.caririemacao.com\/1\/wp-json\/wp\/v2\/media?parent=172289"}],"wp:term":[{"taxonomy":"category","embeddable":true,"href":"https:\/\/www.caririemacao.com\/1\/wp-json\/wp\/v2\/categories?post=172289"},{"taxonomy":"post_tag","embeddable":true,"href":"https:\/\/www.caririemacao.com\/1\/wp-json\/wp\/v2\/tags?post=172289"}],"curies":[{"name":"wp","href":"https:\/\/api.w.org\/{rel}","templated":true}]}}