{"id":172292,"date":"2020-06-01T07:40:17","date_gmt":"2020-06-01T10:40:17","guid":{"rendered":"https:\/\/www.caririemacao.com\/1\/?p=172292"},"modified":"2020-06-01T07:40:17","modified_gmt":"2020-06-01T10:40:17","slug":"equipe-da-fiocruz-trabalha-em-vacina-brasileira-para-covid-19","status":"publish","type":"post","link":"https:\/\/www.caririemacao.com\/1\/2020\/06\/01\/equipe-da-fiocruz-trabalha-em-vacina-brasileira-para-covid-19\/","title":{"rendered":"Equipe da Fiocruz trabalha em vacina brasileira para covid-19"},"content":{"rendered":"\n<h1 class=\"wp-block-heading\"><\/h1>\n\n\n\n<p>Em todo o mundo, cerca de 200 grupos de cientistas trabalham intensamente no desenvolvimento de uma vacina segura e eficaz contra a covid-19. Segundo a Organiza\u00e7\u00e3o Mundial da Sa\u00fade (OMS), pelo menos oito delas j\u00e1 iniciaram a fase cl\u00ednica, de testes em pessoas.<\/p>\n\n\n\n<p>A equipe brasileira, composta por 15 pessoas, \u00e9 liderada pelo pesquisador Alexandre Vieira Machado, da Fiocruz em Minas Gerais, em parceria com outras institui\u00e7\u00f5es, como a Universidade Federal de Minas Gerais (UFMG), o Instituto Butant\u00e3, a Universidade de S\u00e3o Paulo (USP) e a Faculdade de Medicina de Ribeir\u00e3o Preto.<\/p>\n\n\n\n<p>Segundo Machado, o Instituto do Cora\u00e7\u00e3o (Incor) de S\u00e3o Paulo tamb\u00e9m trabalha no desenvolvimento da vacina, liderado pelo m\u00e9dico Jorge Kalil, e h\u00e1 troca de informa\u00e7\u00f5es entre as duas equipes. \u201cEsperamos que n\u00f3s possamos utilizar a deles junto com a nossa em alguns testes\u201d, diz Machado.<\/p>\n\n\n\n<p><strong>Coronav\u00edrus<\/strong><br>A atual pandemia de covid-19 \u00e9 causada pelo novo coronav\u00edrus, chamado tecnicamente de Sars-CoV-2, uma muta\u00e7\u00e3o do v\u00edrus Sars-CoV-1, que provoca a S\u00edndrome Respirat\u00f3ria Aguda Severa (Sars, da sigla em ingl\u00eas). Segundo dados da OMS, a Sars registrou 8.098 casos e deixou 774 mortos em 26 pa\u00edses entre 2002 e 2003, com foco principal na \u00c1sia.<\/p>\n\n\n\n<p>Outro tipo de coronav\u00edrus causa a S\u00edndrome Respirat\u00f3ria do Oriente M\u00e9dio (Mers, da sigla em ingl\u00eas), que deixou 858 mortos desde 2012, com um total de 2.494 casos em 27 pa\u00edses.<\/p>\n\n\n\n<p>Covid-19 significa Corona Virus Disease, ou doen\u00e7a do coronav\u00edrus em portugu\u00eas. O 19 se refere a 2019, ano em que foram divulgados os primeiros casos em Wuhan, na China. O Sars-Cov-2 j\u00e1 registrou quase 6 milh\u00f5es de casos em todo o mundo, com mais de 360 mil mortos.<\/p>\n\n\n\n<p>Machado explica que o v\u00edrus Sars-CoV-1 desapareceu depois do surto de 2002 e as pesquisas com ele foram interrompidas, por isso agora h\u00e1 mais dificuldade de se encontrar a vacina, com a pandemia em andamento e com um v\u00edrus muito mais contagioso e que causa uma doen\u00e7a grave. \u201c\u00c9 como ter que trocar o pneu de um carro em movimento descendo uma ribanceira\u201d, diz o pesquisador.<\/p>\n\n\n\n<p>\u201cN\u00e3o tem vacina pro Sars-CoV. \u00c9 uma coisa muito triste e um recado para a ci\u00eancia e para as ag\u00eancias de fomento. Somos frequentemente confrontados com doen\u00e7as novas, como zika e chikungunya, e a volta de outras, como sarampo e febre amarela, isso desvia o foco das linhas de pesquisa e dos investimentos em vacina. Isso \u00e9 ruim, porque se n\u00f3s tiv\u00e9ssemos uma vacina aprovada para Sars-CoV-1, mesmo que fosse em fase cl\u00ednica, numa plataforma que funcionasse, a gente poderia ter pulado algumas etapas\u201d.<\/p>\n\n\n\n<p><strong>Vacina<\/strong><br>Machado explica que o trabalho de sua equipe est\u00e1 sendo feito a partir de algum conhecimento acumulado com o Sars-CoV-1 e usa como base o v\u00edrus influenza recombinante, outra doen\u00e7a com sintomas respirat\u00f3rios e mais grave em idosos, assim como a covid-19.<\/p>\n\n\n\n<p>\u201cN\u00f3s modificamos geneticamente o v\u00edrus da gripe, que \u00e9 o v\u00edrus influenza, para que ele produza tanto as prote\u00ednas do v\u00edrus da gripe quanto uma prote\u00edna que n\u00f3s chamamos de imunog\u00eanica, uma prote\u00edna que induz resposta imune, no caso ao Sars-CoV-2. Esperamos que uma pessoa vacinada com esse v\u00edrus tenha uma prote\u00e7\u00e3o contra a covid-19 e tamb\u00e9m \u00e0 influenza\u201d.<\/p>\n\n\n\n<p>Por\u00e9m, embora promissor, o trabalho ainda est\u00e1 longe de ser conclu\u00eddo. Segundo o pesquisador, o desenvolvimento laboratorial, com testes em camundongos, deve ser conclu\u00eddo em meados do ano que vem. Para s\u00f3 ent\u00e3o iniciar a fase cl\u00ednica, que \u00e9 mais complexa e cara, pois exige mais estrutura, pessoal especializado e condi\u00e7\u00f5es sanit\u00e1rias espec\u00edficas.<\/p>\n\n\n\n<p>\u201cA partir da\u00ed come\u00e7a a parte cl\u00ednica, usando outra esp\u00e9cie, como hamster, com mais controle de seguran\u00e7a, de toxicidade, de rea\u00e7\u00f5es adversas. Depois que sair disso, ainda vai mais uns dois anos para entregar uma vacina com seguran\u00e7a para a popula\u00e7\u00e3o. Hoje \u00e9 torcer para essas vacinas que est\u00e3o em fase cl\u00ednica, algumas delas, cheguem a termo e que n\u00f3s tenhamos vacinas o suficiente para vacinar a popula\u00e7\u00e3o mundial\u201d.<\/p>\n\n\n\n<p>Segundo ele, uma das vacinas que j\u00e1 entrou na fase cl\u00ednica foi o da Universidade de Oxford, no Reino Unido. A equipe brit\u00e2nica estava trabalhando com a vacina da Mers e testam agora com o ant\u00edgeno do Sars-CoV-2. \u201cEles j\u00e1 tinham um conhecimento que colocou eles alguns passos adiante\u201d, explica Machado, afirmando que, no momento, ainda h\u00e1 mais perguntas do que respostas sobre a vacina.<\/p>\n\n\n\n<p>\u201cN\u00f3s n\u00e3o sabemos ainda com quantas doses a vacina vai funcionar. Ser\u00e1 que vai ter a mesma efic\u00e1cia em jovens, idosos e crian\u00e7as? Por quanto tempo a pessoa vai ficar imunizada? Essas quest\u00f5es todas t\u00eam que ser avaliadas e quanto mais op\u00e7\u00f5es n\u00f3s tivermos de ferramentas, mais chances n\u00f3s temos de chegar a um produto final\u201d.<\/p>\n\n\n\n<p>Equipes americanas e chinesas tamb\u00e9m est\u00e3o na corrida para uma imuniza\u00e7\u00e3o para a covid-19 com resultados promissores.<\/p>\n\n\n\n<p>Mas para o pesquisador, \u00e9 fundamental que as institui\u00e7\u00f5es p\u00fablicas do Brasil desenvolvam a vacina com tecnologia pr\u00f3pria, para que o pa\u00eds seja capaz de proteger a sua popula\u00e7\u00e3o sem depender de outras patentes, muitas vezes desenvolvidas por empresas privadas.<\/p>\n\n\n\n<p>\u201cIsso \u00e9 muito importante, porque a vacina para covid-19 nem existe e j\u00e1 tem briga por ela. Qual a garantia que o Brasil tem, se um laborat\u00f3rio no exterior conseguir produzir, que ter\u00e1 acesso a ela? E em tempo h\u00e1bil? Ent\u00e3o o Brasil ter uma vacina pr\u00f3pria, com tecnologia pr\u00f3pria, \u00e9 soberania nacional e independ\u00eancia tecnol\u00f3gica. Hoje, vacina \u00e9 geopol\u00edtica e ci\u00eancia \u00e9 poder\u201d, afirma.<\/p>\n","protected":false},"excerpt":{"rendered":"<p>Em todo o mundo, cerca de 200 grupos de cientistas trabalham intensamente no desenvolvimento de uma vacina segura e eficaz contra a covid-19. Segundo a&hellip; <\/p>\n","protected":false},"author":2,"featured_media":172293,"comment_status":"closed","ping_status":"closed","sticky":false,"template":"","format":"standard","meta":{"sfsi_plus_gutenberg_text_before_share":"","sfsi_plus_gutenberg_show_text_before_share":"","sfsi_plus_gutenberg_icon_type":"","sfsi_plus_gutenberg_icon_alignemt":"","sfsi_plus_gutenburg_max_per_row":"","footnotes":""},"categories":[2],"tags":[],"class_list":["post-172292","post","type-post","status-publish","format-standard","has-post-thumbnail","hentry","category-geral"],"_links":{"self":[{"href":"https:\/\/www.caririemacao.com\/1\/wp-json\/wp\/v2\/posts\/172292","targetHints":{"allow":["GET"]}}],"collection":[{"href":"https:\/\/www.caririemacao.com\/1\/wp-json\/wp\/v2\/posts"}],"about":[{"href":"https:\/\/www.caririemacao.com\/1\/wp-json\/wp\/v2\/types\/post"}],"author":[{"embeddable":true,"href":"https:\/\/www.caririemacao.com\/1\/wp-json\/wp\/v2\/users\/2"}],"replies":[{"embeddable":true,"href":"https:\/\/www.caririemacao.com\/1\/wp-json\/wp\/v2\/comments?post=172292"}],"version-history":[{"count":1,"href":"https:\/\/www.caririemacao.com\/1\/wp-json\/wp\/v2\/posts\/172292\/revisions"}],"predecessor-version":[{"id":172294,"href":"https:\/\/www.caririemacao.com\/1\/wp-json\/wp\/v2\/posts\/172292\/revisions\/172294"}],"wp:featuredmedia":[{"embeddable":true,"href":"https:\/\/www.caririemacao.com\/1\/wp-json\/wp\/v2\/media\/172293"}],"wp:attachment":[{"href":"https:\/\/www.caririemacao.com\/1\/wp-json\/wp\/v2\/media?parent=172292"}],"wp:term":[{"taxonomy":"category","embeddable":true,"href":"https:\/\/www.caririemacao.com\/1\/wp-json\/wp\/v2\/categories?post=172292"},{"taxonomy":"post_tag","embeddable":true,"href":"https:\/\/www.caririemacao.com\/1\/wp-json\/wp\/v2\/tags?post=172292"}],"curies":[{"name":"wp","href":"https:\/\/api.w.org\/{rel}","templated":true}]}}