{"id":172301,"date":"2020-06-01T07:50:38","date_gmt":"2020-06-01T10:50:38","guid":{"rendered":"https:\/\/www.caririemacao.com\/1\/?p=172301"},"modified":"2020-06-01T07:50:38","modified_gmt":"2020-06-01T10:50:38","slug":"governo-federal-atualiza-programacao-orcamentaria-deste-ano","status":"publish","type":"post","link":"https:\/\/www.caririemacao.com\/1\/2020\/06\/01\/governo-federal-atualiza-programacao-orcamentaria-deste-ano\/","title":{"rendered":"Governo Federal atualiza programa\u00e7\u00e3o or\u00e7ament\u00e1ria deste ano"},"content":{"rendered":"\n<h3 class=\"wp-block-heading\"><\/h3>\n\n\n\n<hr class=\"wp-block-separator\"\/>\n\n\n\n<p>A Presid\u00eancia da Rep\u00fablica editou o<a href=\"http:\/\/www.in.gov.br\/web\/dou\/-\/decreto-n-10.385-de-30-de-maio-de-2020-259243639\" target=\"_blank\" rel=\"noreferrer noopener\">&nbsp;<strong>Decreto N\u00ba&nbsp;10.385<\/strong><\/a>atualizando a programa\u00e7\u00e3o or\u00e7ament\u00e1ria do ano de 2020. Esta atualiza\u00e7\u00e3o envolve os gastos que o Executivo pretende realizar ao longo do ano.<\/p>\n\n\n\n<p>Entre outras determina\u00e7\u00f5es, o decreto determina, entre outras coisas,&nbsp;o cronograma mensal de pagamento entre junho de 2020 e dezembro de 2020 relativo \u00e0s dota\u00e7\u00f5es da Lei Or\u00e7ament\u00e1ria de 2020 e os restos a pagar das maioria das fontes de receita, excetuando, entre outras, a participa\u00e7\u00e3o da Uni\u00e3o na capital de empresas, emendas impositivas individuais, emendas impositivas de bancada, emendas de comiss\u00e3o e emendas de relator.<\/p>\n\n\n\n<p>O decreto determina o pagamento, entre outros \u00f3rg\u00e3os, da Presid\u00eancia da Rep\u00fablica, de minist\u00e9rios como o da Agricultura, da Economia, da Educa\u00e7\u00e3o, da Defesa e da Sa\u00fade; ag\u00eancias como a Ag\u00eancia Nacional de Telecomunica\u00e7\u00e3o (Anatel), Ag\u00eancia Nacional do Petr\u00f3leo, G\u00e1s Natural e Biocombust\u00edveis (ANP) e Ag\u00eancia Nacional de Energia El\u00e9trica (Aneel), Ag\u00eancia Nacional de Vigil\u00e2ncia Sanit\u00e1ria (Anvisa) e \u00f3rg\u00e3os como o Conselho Administrativo de Defesa Econ\u00f4mica (Cade) e o Fundo Nacional de Desenvolvimento da Educa\u00e7\u00e3o; da Advocacia-Geral da Uni\u00e3o e da Controladoria-Geral da Uni\u00e3o.<\/p>\n\n\n\n<p>O novo decreto atualiza o anterior,&nbsp;<strong><a href=\"http:\/\/www.in.gov.br\/web\/dou\/-\/decreto-n-10.249-de-19-de-fevereiro-de-2020-244124985\">N\u00b0&nbsp;10.249<\/a><\/strong>, de 19 de fevereiro de 2020, que havia definido os disp\u00eandios do ano por \u00f3rg\u00e3os no total e a cada m\u00eas, bem como as emendas individuais, de bancada e de comiss\u00e3o.<\/p>\n","protected":false},"excerpt":{"rendered":"<p>A Presid\u00eancia da Rep\u00fablica editou o&nbsp;Decreto N\u00ba&nbsp;10.385atualizando a programa\u00e7\u00e3o or\u00e7ament\u00e1ria do ano de 2020. Esta atualiza\u00e7\u00e3o envolve os gastos que o Executivo pretende realizar ao&hellip; <\/p>\n","protected":false},"author":2,"featured_media":172302,"comment_status":"closed","ping_status":"closed","sticky":false,"template":"","format":"standard","meta":{"sfsi_plus_gutenberg_text_before_share":"","sfsi_plus_gutenberg_show_text_before_share":"","sfsi_plus_gutenberg_icon_type":"","sfsi_plus_gutenberg_icon_alignemt":"","sfsi_plus_gutenburg_max_per_row":"","footnotes":""},"categories":[2],"tags":[],"class_list":["post-172301","post","type-post","status-publish","format-standard","has-post-thumbnail","hentry","category-geral"],"_links":{"self":[{"href":"https:\/\/www.caririemacao.com\/1\/wp-json\/wp\/v2\/posts\/172301","targetHints":{"allow":["GET"]}}],"collection":[{"href":"https:\/\/www.caririemacao.com\/1\/wp-json\/wp\/v2\/posts"}],"about":[{"href":"https:\/\/www.caririemacao.com\/1\/wp-json\/wp\/v2\/types\/post"}],"author":[{"embeddable":true,"href":"https:\/\/www.caririemacao.com\/1\/wp-json\/wp\/v2\/users\/2"}],"replies":[{"embeddable":true,"href":"https:\/\/www.caririemacao.com\/1\/wp-json\/wp\/v2\/comments?post=172301"}],"version-history":[{"count":1,"href":"https:\/\/www.caririemacao.com\/1\/wp-json\/wp\/v2\/posts\/172301\/revisions"}],"predecessor-version":[{"id":172303,"href":"https:\/\/www.caririemacao.com\/1\/wp-json\/wp\/v2\/posts\/172301\/revisions\/172303"}],"wp:featuredmedia":[{"embeddable":true,"href":"https:\/\/www.caririemacao.com\/1\/wp-json\/wp\/v2\/media\/172302"}],"wp:attachment":[{"href":"https:\/\/www.caririemacao.com\/1\/wp-json\/wp\/v2\/media?parent=172301"}],"wp:term":[{"taxonomy":"category","embeddable":true,"href":"https:\/\/www.caririemacao.com\/1\/wp-json\/wp\/v2\/categories?post=172301"},{"taxonomy":"post_tag","embeddable":true,"href":"https:\/\/www.caririemacao.com\/1\/wp-json\/wp\/v2\/tags?post=172301"}],"curies":[{"name":"wp","href":"https:\/\/api.w.org\/{rel}","templated":true}]}}