{"id":172305,"date":"2020-06-01T07:54:33","date_gmt":"2020-06-01T10:54:33","guid":{"rendered":"https:\/\/www.caririemacao.com\/1\/?p=172305"},"modified":"2020-06-01T07:54:33","modified_gmt":"2020-06-01T10:54:33","slug":"o-que-esperar-do-esporte-de-alto-rendimento-apos-a-pandemia","status":"publish","type":"post","link":"https:\/\/www.caririemacao.com\/1\/2020\/06\/01\/o-que-esperar-do-esporte-de-alto-rendimento-apos-a-pandemia\/","title":{"rendered":"O que esperar do esporte de alto rendimento ap\u00f3s a pandemia?"},"content":{"rendered":"\n<h2 class=\"wp-block-heading\"><\/h2>\n\n\n\n<p>A pandemia do novo coronav\u00edrus (covid-19) obrigou a humanidade a parar. A parar, repensar e mudar v\u00e1rios aspectos da vida. Diante de um v\u00edrus que se espalha com muita facilidade, um novo normal come\u00e7a a se estabeler a partir de alguns princ\u00edpios: restri\u00e7\u00f5es de movimenta\u00e7\u00e3o, menor intera\u00e7\u00e3o social e cuidados extremos de higiene. No mundo do esporte de alto rendimento n\u00e3o \u00e9 diferente. Grandes eventos, como os Jogos Ol\u00edmpicos, a Copa Am\u00e9rica, a Eurocopa e campeonatos nacionais de futebol, tiveram de ser adiados ou cancelados enquanto se pensa em formas de realiz\u00e1-los com seguran\u00e7a.<\/p>\n\n\n\n<p>E \u00e9 para tentar imaginar as mudan\u00e7as que a pr\u00e1tica esportiva de alto rendimento sofrer\u00e1 em um futuro pr\u00f3ximo que a&nbsp;<strong>Ag\u00eancia Brasil<\/strong>&nbsp;conversou com dois pesquisadores que tem o universo do esporte como seu objeto de estudo, o soci\u00f3logo e professor da Faculdade de Comunica\u00e7\u00e3o Social da Universidade do Rio de Janeiro (Uerj) Ronaldo Helal e o professor da Escola de Ci\u00eancias Sociais\/FGV-CPDOC Bernardo Buarque de Hollanda.<\/p>\n\n\n\n<h2 class=\"wp-block-heading\">Jogos sem a presen\u00e7a de torcedores<\/h2>\n\n\n\n<p>Um dos elementos que mais chama a aten\u00e7\u00e3o no novo normal do esporte de alto rendimento \u00e9 a aus\u00eancia de torcedores em pra\u00e7as esportivas. Segundo Ronaldo, diante de um v\u00edrus novo e com cont\u00e1gio muito r\u00e1pido, n\u00e3o d\u00e1 para ser diferente. No Campeonato Alem\u00e3o, por exemplo, esta mudan\u00e7a fica bem evidente: \u201cCom jogos com port\u00f5es fechados e os jogadores sem se abra\u00e7arem na comemora\u00e7\u00e3o dos gols. E tamb\u00e9m fazendo testes regulares. Esta \u00e9 a mudan\u00e7a que \u00e9 poss\u00edvel no momento\u201d.<\/p>\n\n\n\n<figure class=\"wp-block-image\"><img decoding=\"async\" data-src=\"https:\/\/imagens.ebc.com.br\/mr66n8evwS_4xyXxGuzlPfc5iJU=\/754x0\/smart\/https:\/\/agenciabrasil.ebc.com.br\/sites\/default\/files\/thumbnails\/image\/2020-05-16t000000z_858911255_rc2spg968cr0_rtrmadp_3_soccer-germany-rbl-scf-report.jpg?itok=F4JD7vXh\" alt=\"Bundesliga - RB Leipzig v SC Freiburg\" title=\"Reuters\/Direitos Reservados\" src=\"data:image\/svg+xml;base64,PHN2ZyB3aWR0aD0iMSIgaGVpZ2h0PSIxIiB4bWxucz0iaHR0cDovL3d3dy53My5vcmcvMjAwMC9zdmciPjwvc3ZnPg==\" class=\"lazyload\" \/><\/figure>\n\n\n\n<p>Campeonato Alem\u00e3o fez v\u00e1rias adapta\u00e7\u00f5es para recome\u00e7ar no per\u00edodo de pandemia &#8211;&nbsp;<strong>Reuters\/Direitos Reservados<\/strong><\/p>\n\n\n\n<p>Bernardo tamb\u00e9m aponta o Alem\u00e3o como o campeonato a ser observado, pois \u00e9 a primeira das principais competi\u00e7\u00f5es nacionais do Velho Continente a reiniciar ap\u00f3s a pandemia, mas afirma que a realiza\u00e7\u00e3o das partidas sem a presen\u00e7a de torcidas n\u00e3o vai servir para todos os clubes, mas apenas para aqueles que est\u00e3o na \u201cvitrine do futebol mundial [\u2026], tendo exibi\u00e7\u00e3o e alcance planet\u00e1rio\u201d. No entendimento do pesquisador, estes conseguem, minimamente, \u201ccontornar o atual momento\u201d com as receitas provenientes de transmiss\u00f5es televisivas.<\/p>\n\n\n\n<p>Ronaldo diz que a primeira mudan\u00e7a causada pela aus\u00eancia de torcedores nos est\u00e1dios \u00e9 percebida na performance dos atletas: \u201cVoc\u00ea perde muito. Um espet\u00e1culo de massa, sem a massa. Mesmo transmitido pela televis\u00e3o. \u00c9 o mesmo que um teatro vazio. A tend\u00eancia dos atores \u00e9 n\u00e3o ter uma performance t\u00e3o motivada por adrenalina como tem com a presen\u00e7a do p\u00fablico. Isso pode acontecer tamb\u00e9m no caso do futebol, sem o incentivo da torcida. Mas \u00e9 o que se pode fazer no momento. N\u00e3o sabemos quanto tempo vai durar. Acho que o p\u00fablico n\u00e3o vai se sentir nem satisfeito, nem insatisfeito, mas acho que vai entender que isso \u00e9 o que \u00e9 poss\u00edvel fazer no momento\u201d.&nbsp;<\/p>\n\n\n\n<figure class=\"wp-block-image\"><img decoding=\"async\" data-src=\"https:\/\/imagens.ebc.com.br\/DaWN8QUU40kzUL5ILwe9-dmqMj8=\/754x0\/smart\/https:\/\/agenciabrasil.ebc.com.br\/sites\/default\/files\/thumbnails\/image\/2020-05-17t143925z_1599170145_rc2eqg9kz1v7_rtrmadp_3_soccer-germany-cgn-mai-report.jpg?itok=U4EEqcYb\" alt=\"Bundesliga - FC Cologne v 1. FSV Mainz 05\" title=\"Reuters\/Direitos Reservados\" src=\"data:image\/svg+xml;base64,PHN2ZyB3aWR0aD0iMSIgaGVpZ2h0PSIxIiB4bWxucz0iaHR0cDovL3d3dy53My5vcmcvMjAwMC9zdmciPjwvc3ZnPg==\" class=\"lazyload\" \/><\/figure>\n\n\n\n<p>Uso de m\u00e1scaras e arquibancadas vazias est\u00e3o no novo normal do Campeonato Alem\u00e3o &#8211;&nbsp;<strong>Reuters\/Direitos Reservados<\/strong><\/p>\n\n\n\n<p>Por\u00e9m, em suas observa\u00e7\u00f5es Bernardo identifica grupos que n\u00e3o receberam bem esta nova forma de consumir o futebol: \u201c\u00c9 interessante que, no caso da Europa, algumas torcidas organizadas est\u00e3o promovendo campanhas contra a volta dos campeonatos. Partem da ideia de que, se n\u00e3o vai ter torcida, \u00e9 melhor n\u00e3o ter futebol\u201d.<\/p>\n\n\n\n<p>Em meio a tantas incertezas, e pensando na realidade brasileira, o pesquisador da FGV afirma que \u201c\u00e9 muito pouco prov\u00e1vel que aconte\u00e7a algum campeonato com a presen\u00e7a do p\u00fablico no Brasil em 2020\u201d.<\/p>\n\n\n\n<h2 class=\"wp-block-heading\">Disputa e torcida \u00e0 dist\u00e2ncia<\/h2>\n\n\n\n<p>Para o esporte brasileiro, que ainda est\u00e1 pensando em formas de retorno aos treinos, imaginar formas alternativas de torcer ainda parece algo distante. Mas na Dinamarca esta j\u00e1 \u00e9 uma realidade. O campeonato nacional do pa\u00eds europeu optou por \u201clevar\u201d a torcida ao est\u00e1dio atrav\u00e9s de tel\u00f5es instalados nas arquibancadas nos quais os jogadores veem imagens dos torcedores transmitidas por aplicativos de teleconfer\u00eancia (veja no v\u00eddeo abaixo).<a href=\"https:\/\/twitter.com\/AGFFodbold\"><\/a><a href=\"https:\/\/twitter.com\/AGFFodbold\"><strong>AGF<\/strong>@AGFFodbold<\/a><a href=\"https:\/\/twitter.com\/AGFFodbold\/status\/1266107456532463621\"><\/a><\/p>\n\n\n\n<p>David Nielsen savnede <a href=\"https:\/\/twitter.com\/hashtag\/ultratwitteragf?src=hash\">#ultratwitteragf<\/a> ved <a href=\"https:\/\/twitter.com\/hashtag\/agfrfc?src=hash\">#agfrfc<\/a>, men sikke et vigtigt point for os, l\u00f8d det efter kampen fra cheftr\u00e6neren til AGF TV <a href=\"https:\/\/twitter.com\/hashtag\/ksdh?src=hash\">#ksdh<\/a><\/p>\n\n\n\n<figure class=\"wp-block-image\"><img decoding=\"async\" src=\"https:\/\/pbs.twimg.com\/ext_tw_video_thumb\/1266107378811965441\/pu\/img\/FppBSTjHdPr3GAf8?format=jpg&amp;name=small\" alt=\"V\u00eddeo incorporado\"\/><\/figure>\n\n\n\n<p><a href=\"https:\/\/twitter.com\/AGFFodbold\/status\/1266107456532463621\"><\/a><a href=\"https:\/\/twitter.com\/intent\/like?tweet_id=1266107456532463621\">61<\/a><a href=\"https:\/\/twitter.com\/AGFFodbold\/status\/1266107456532463621\"><time datetime=\"2020-05-28T20:41:55+0000\">17:41 &#8211; 28 de mai de 2020<\/time><\/a><a href=\"https:\/\/support.twitter.com\/articles\/20175256\">Informa\u00e7\u00f5es e privacidade no Twitter Ads<\/a><a href=\"https:\/\/twitter.com\/AGFFodbold\">Veja outros Tweets de AGF<\/a><\/p>\n\n\n\n<p>Para Bernardo,&nbsp;em um contexto de agravamento da pandemia,&nbsp;as&nbsp;novas tecnologias n\u00e3o&nbsp;devem&nbsp;se restringir&nbsp;ao&nbsp;ato de&nbsp;torcer, mas tamb\u00e9m podem&nbsp;ser usadas para permitir que atletas que estejam em locais diferentes possam competir entre si: \u201cEstamos em um ponto de inflex\u00e3o em que paradigmas s\u00e3o repensados [\u2026]. At\u00e9 que ponto podem ser criadas formas de cobrir performances esportivas nas quais as pessoas n\u00e3o estejam presentes? Isto pode ser especulado. Os atletas n\u00e3o estar\u00e3o no mesmo&nbsp;<em>locus<\/em>&nbsp;presencialmente, mas voc\u00ea pode criar formas de competi\u00e7\u00e3o filmada. Soa absurdo e especulativo hoje, mas de fato ainda estamos em um momento nebuloso no qual n\u00e3o conseguimos discernir o que acontecer\u00e1 adiante\u201d.<\/p>\n\n\n\n<h2 class=\"wp-block-heading\">Jogos para celebrar a humanidade<\/h2>\n\n\n\n<p>Um dos paradigmas que pode vir a ser questionado caso a pandemia perdure por um per\u00edodo de tempo muito longo \u00e9 o da realiza\u00e7\u00e3o de grandes eventos esportivos no atual formato. \u201cO formato tradicional de um encontro a cada quatro anos, que re\u00fane todos [os atletas] no mesmo local, com vila ol\u00edmpica, pode ter de ser refeito [\u2026]. Entendo que, assim como todas as \u00e1reas est\u00e3o se adaptando, pode ser que muitas coisas no \u00e2mbito do esporte que sejam consideradas imprescind\u00edveis, das quais n\u00e3o se abre m\u00e3o, sejam reinventadas\u201d, diz o pesquisador da FGV.<\/p>\n\n\n\n<figure class=\"wp-block-image\"><img decoding=\"async\" data-src=\"https:\/\/imagens.ebc.com.br\/2UPqo9qPbo2r1rxv9RQcvmvQ8tA=\/754x0\/smart\/https:\/\/agenciabrasil.ebc.com.br\/sites\/default\/files\/thumbnails\/image\/thomas_bach_toquio_2020_coronavirus.jpg?itok=1uG3hCsq\" alt=\"Presidente do COI, alem\u00e3o Thomas Bach, fala sobre Jogos de T\u00f3quio 2020\" title=\"REUTERS \/ Denis Balibouse \/ Direitos Reservados\" src=\"data:image\/svg+xml;base64,PHN2ZyB3aWR0aD0iMSIgaGVpZ2h0PSIxIiB4bWxucz0iaHR0cDovL3d3dy53My5vcmcvMjAwMC9zdmciPjwvc3ZnPg==\" class=\"lazyload\" \/><\/figure>\n\n\n\n<p>Presidente do COI espera Jogos que celebrem a humanidade em 2021 &#8211;&nbsp;<strong>REUTERS \/ Denis Balibouse \/ Direitos Reservados<\/strong><\/p>\n\n\n\n<p>Mas algo que os dois pesquisadores afirmam torcer para n\u00e3o mudar, quando se fala em grandes eventos esportivos, \u00e9 que eles continuem a ser entendidos como momentos de celebra\u00e7\u00e3o da humanidade. \u201cEntendo tamb\u00e9m [assim como o presidente do Comit\u00ea Ol\u00edmpico Internacional, o alem\u00e3o Thomas Bach] a ideia dos Jogos como uma celebra\u00e7\u00e3o da humanidade ap\u00f3s a pandemia. Tomara que sejam vistos desta maneira mesmo. Porque h\u00e1 uma met\u00e1fora nos Jogos Ol\u00edmpicos de uma uni\u00e3o entre na\u00e7\u00f5es. O esporte proporciona um pouco isso. De as regras serem as mesmas para todos, que o melhor vence pelos seus m\u00e9ritos. Se superarmos esta pandemia, se j\u00e1 tivermos uma vacina, e espero que sim, espero que seja uma grande celebra\u00e7\u00e3o da humanidade [os Jogos de T\u00f3quio], da vida ap\u00f3s a pandemia, de uni\u00e3o entre as na\u00e7\u00f5es e povos\u201d, conclui Ronaldo.<\/p>\n","protected":false},"excerpt":{"rendered":"<p>A pandemia do novo coronav\u00edrus (covid-19) obrigou a humanidade a parar. A parar, repensar e mudar v\u00e1rios aspectos da vida. Diante de um v\u00edrus que&hellip; <\/p>\n","protected":false},"author":2,"featured_media":172306,"comment_status":"closed","ping_status":"closed","sticky":false,"template":"","format":"standard","meta":{"sfsi_plus_gutenberg_text_before_share":"","sfsi_plus_gutenberg_show_text_before_share":"","sfsi_plus_gutenberg_icon_type":"","sfsi_plus_gutenberg_icon_alignemt":"","sfsi_plus_gutenburg_max_per_row":"","footnotes":""},"categories":[2],"tags":[],"class_list":["post-172305","post","type-post","status-publish","format-standard","has-post-thumbnail","hentry","category-geral"],"_links":{"self":[{"href":"https:\/\/www.caririemacao.com\/1\/wp-json\/wp\/v2\/posts\/172305","targetHints":{"allow":["GET"]}}],"collection":[{"href":"https:\/\/www.caririemacao.com\/1\/wp-json\/wp\/v2\/posts"}],"about":[{"href":"https:\/\/www.caririemacao.com\/1\/wp-json\/wp\/v2\/types\/post"}],"author":[{"embeddable":true,"href":"https:\/\/www.caririemacao.com\/1\/wp-json\/wp\/v2\/users\/2"}],"replies":[{"embeddable":true,"href":"https:\/\/www.caririemacao.com\/1\/wp-json\/wp\/v2\/comments?post=172305"}],"version-history":[{"count":1,"href":"https:\/\/www.caririemacao.com\/1\/wp-json\/wp\/v2\/posts\/172305\/revisions"}],"predecessor-version":[{"id":172307,"href":"https:\/\/www.caririemacao.com\/1\/wp-json\/wp\/v2\/posts\/172305\/revisions\/172307"}],"wp:featuredmedia":[{"embeddable":true,"href":"https:\/\/www.caririemacao.com\/1\/wp-json\/wp\/v2\/media\/172306"}],"wp:attachment":[{"href":"https:\/\/www.caririemacao.com\/1\/wp-json\/wp\/v2\/media?parent=172305"}],"wp:term":[{"taxonomy":"category","embeddable":true,"href":"https:\/\/www.caririemacao.com\/1\/wp-json\/wp\/v2\/categories?post=172305"},{"taxonomy":"post_tag","embeddable":true,"href":"https:\/\/www.caririemacao.com\/1\/wp-json\/wp\/v2\/tags?post=172305"}],"curies":[{"name":"wp","href":"https:\/\/api.w.org\/{rel}","templated":true}]}}