{"id":172309,"date":"2020-06-01T07:58:17","date_gmt":"2020-06-01T10:58:17","guid":{"rendered":"https:\/\/www.caririemacao.com\/1\/?p=172309"},"modified":"2020-06-01T07:58:17","modified_gmt":"2020-06-01T10:58:17","slug":"auxilio-emergencial-comeca-a-ser-creditado-na-conta-de-beneficiarios","status":"publish","type":"post","link":"https:\/\/www.caririemacao.com\/1\/2020\/06\/01\/auxilio-emergencial-comeca-a-ser-creditado-na-conta-de-beneficiarios\/","title":{"rendered":"Aux\u00edlio emergencial come\u00e7a a ser creditado na conta de benefici\u00e1rios"},"content":{"rendered":"\n<h2 class=\"wp-block-heading\"><\/h2>\n\n\n\n<p>A Caixa Econ\u00f4mica Federal informou neste domingo (31) que vai come\u00e7ar a creditar a segunda parcela do aux\u00edlio emergencial de R$ 600 diretamente nas contas banc\u00e1rias indicadas pelos benefici\u00e1rios. Os recursos, que haviam sido antecipados para uso digital pelo aplicativo Caixa Tem, agora ser\u00e3o transferidos automaticamente para as contas informadas pelos benefici\u00e1rios, de acordo com o calend\u00e1rio de saque em esp\u00e9cie.<\/p>\n\n\n\n<p>A transfer\u00eancia dos valores n\u00e3o movimentados pelo Caixa Tem ser\u00e1 realizada para quem indicou contas para recebimento de outros bancos ou poupan\u00e7a existente na Caixa. Com isso, esses benefici\u00e1rios poder\u00e3o procurar as institui\u00e7\u00f5es financeiras com quem tem relacionamento, caso queiram sacar, segundo orientou o banco estatal.<\/p>\n\n\n\n<h2 class=\"wp-block-heading\">Confira calend\u00e1rio:<\/h2>\n\n\n\n<figure class=\"wp-block-image\"><img decoding=\"async\" data-src=\"https:\/\/imagens.ebc.com.br\/lGYvZ82FxtgtatwBYFoPamB0Bqo=\/754x0\/smart\/https:\/\/agenciabrasil.ebc.com.br\/sites\/default\/files\/thumbnails\/image\/caledario-parcela-2.jpg?itok=yFxzhtwF\" alt=\"Calend\u00e1rio da 2\u00aa parcela do aux\u00edlio emergencial\" title=\"Caixa Econ\u00f4mica Federal\" src=\"data:image\/svg+xml;base64,PHN2ZyB3aWR0aD0iMSIgaGVpZ2h0PSIxIiB4bWxucz0iaHR0cDovL3d3dy53My5vcmcvMjAwMC9zdmciPjwvc3ZnPg==\" class=\"lazyload\" \/><\/figure>\n\n\n\n<h6 class=\"wp-block-heading\">Calend\u00e1rio da 2\u00aa parcela do aux\u00edlio emergencial &#8211;&nbsp;<strong>Caixa Econ\u00f4mica Federal<\/strong><\/h6>\n\n\n\n<p>Mais de 50 bancos participam da opera\u00e7\u00e3o de pagamento do aux\u00edlio emergencial. Segundo o governo, todos os benefici\u00e1rios do Bolsa Fam\u00edlia eleg\u00edveis para o aux\u00edlio emergencial j\u00e1 receberam o cr\u00e9dito da segunda parcela.<\/p>\n\n\n\n<p>&#8220;A Caixa refor\u00e7a que n\u00e3o \u00e9 preciso madrugar nas filas. Todas as pessoas que chegarem nas ag\u00eancias durante o hor\u00e1rio de funcionamento, das 8h \u00e0s 14h, ser\u00e3o atendidas. Elas v\u00e3o receber senhas e, mesmo com as unidades fechando \u00e0s 14h, o atendimento continua at\u00e9 o \u00faltimo cliente. O banco fechou parceria com cerca de 1.200 prefeituras em todo o pa\u00eds para refor\u00e7ar a organiza\u00e7\u00e3o das filas e manter o distanciamento m\u00ednimo de dois metros entre as pessoas&#8221;, informou a Caixa, em nota.<\/p>\n","protected":false},"excerpt":{"rendered":"<p>A Caixa Econ\u00f4mica Federal informou neste domingo (31) que vai come\u00e7ar a creditar a segunda parcela do aux\u00edlio emergencial de R$ 600 diretamente nas contas&hellip; <\/p>\n","protected":false},"author":2,"featured_media":172310,"comment_status":"closed","ping_status":"closed","sticky":false,"template":"","format":"standard","meta":{"sfsi_plus_gutenberg_text_before_share":"","sfsi_plus_gutenberg_show_text_before_share":"","sfsi_plus_gutenberg_icon_type":"","sfsi_plus_gutenberg_icon_alignemt":"","sfsi_plus_gutenburg_max_per_row":"","footnotes":""},"categories":[2],"tags":[],"class_list":["post-172309","post","type-post","status-publish","format-standard","has-post-thumbnail","hentry","category-geral"],"_links":{"self":[{"href":"https:\/\/www.caririemacao.com\/1\/wp-json\/wp\/v2\/posts\/172309","targetHints":{"allow":["GET"]}}],"collection":[{"href":"https:\/\/www.caririemacao.com\/1\/wp-json\/wp\/v2\/posts"}],"about":[{"href":"https:\/\/www.caririemacao.com\/1\/wp-json\/wp\/v2\/types\/post"}],"author":[{"embeddable":true,"href":"https:\/\/www.caririemacao.com\/1\/wp-json\/wp\/v2\/users\/2"}],"replies":[{"embeddable":true,"href":"https:\/\/www.caririemacao.com\/1\/wp-json\/wp\/v2\/comments?post=172309"}],"version-history":[{"count":1,"href":"https:\/\/www.caririemacao.com\/1\/wp-json\/wp\/v2\/posts\/172309\/revisions"}],"predecessor-version":[{"id":172311,"href":"https:\/\/www.caririemacao.com\/1\/wp-json\/wp\/v2\/posts\/172309\/revisions\/172311"}],"wp:featuredmedia":[{"embeddable":true,"href":"https:\/\/www.caririemacao.com\/1\/wp-json\/wp\/v2\/media\/172310"}],"wp:attachment":[{"href":"https:\/\/www.caririemacao.com\/1\/wp-json\/wp\/v2\/media?parent=172309"}],"wp:term":[{"taxonomy":"category","embeddable":true,"href":"https:\/\/www.caririemacao.com\/1\/wp-json\/wp\/v2\/categories?post=172309"},{"taxonomy":"post_tag","embeddable":true,"href":"https:\/\/www.caririemacao.com\/1\/wp-json\/wp\/v2\/tags?post=172309"}],"curies":[{"name":"wp","href":"https:\/\/api.w.org\/{rel}","templated":true}]}}