{"id":172313,"date":"2020-06-01T08:02:22","date_gmt":"2020-06-01T11:02:22","guid":{"rendered":"https:\/\/www.caririemacao.com\/1\/?p=172313"},"modified":"2020-06-01T08:02:22","modified_gmt":"2020-06-01T11:02:22","slug":"consumo-de-video-e-audio-online-cresce-no-brasil-aponta-pesquisa","status":"publish","type":"post","link":"https:\/\/www.caririemacao.com\/1\/2020\/06\/01\/consumo-de-video-e-audio-online-cresce-no-brasil-aponta-pesquisa\/","title":{"rendered":"Consumo de v\u00eddeo e \u00e1udio online cresce no Brasil, aponta pesquisa"},"content":{"rendered":"\n<h2 class=\"wp-block-heading\"><\/h2>\n\n\n\n<p>O consumo de v\u00eddeo e \u00e1udio&nbsp;<em>online<\/em>&nbsp;(o chamado&nbsp;<em>streaming<\/em>) aumentou e se consolidou no Brasil. Entre os usu\u00e1rios de internet, 74% assistiram a programas, filmes, v\u00eddeos ou s\u00e9ries e 72% ouviram m\u00fasica&nbsp;<em>online&nbsp;<\/em>em 2019.<\/p>\n\n\n\n<p>As informa\u00e7\u00f5es s\u00e3o da pesquisa TIC Domic\u00edlios 2019, mais importante levantamento sobre acesso a tecnologias da informa\u00e7\u00e3o e comunica\u00e7\u00e3o, realizada pelo Centro Regional para o Desenvolvimento de Estudos sobre a Sociedade da Informa\u00e7\u00e3o (Cetic.br), vinculado ao Comit\u00ea Gestor da Internet no Brasil.<\/p>\n\n\n\n<h2 class=\"wp-block-heading\">V\u00eddeo online<\/h2>\n\n\n\n<p>O consumo de v\u00eddeo&nbsp;<em>online<\/em>&nbsp;\u00e9 bastante diferente quando observadas as condi\u00e7\u00f5es econ\u00f4micas e a escolaridade. A pr\u00e1tica foi registrada em 87% dos entrevistados da classe A, enquanto nas classes D e E o percentual foi de 65%. O h\u00e1bito ficou em 83% para aqueles com ensino superior completo, contra 45% para os analfabetos ou que fizeram at\u00e9 a educa\u00e7\u00e3o infantil.<\/p>\n\n\n\n<p>A pr\u00e1tica de assistir a v\u00eddeos foi mais comum nas \u00e1reas urbanas (75%) do que rurais (63%);&nbsp;e entre homens (79%) do que entre mulheres (69%). No recorte por cor e ra\u00e7a, o \u00edndice apenas oscila entre brancos, pretos e pardos. O carregamento de arquivos (<em>download<\/em>) de filmes ficou em patamar bem menor, de 23%. Este era o principal canal de consumo de v\u00eddeos na d\u00e9cada passada e in\u00edcio da atual.<\/p>\n\n\n\n<h2 class=\"wp-block-heading\">\u00c1udio online&nbsp;<\/h2>\n\n\n\n<p>O ato de ouvir m\u00fasica pela internet tamb\u00e9m difere pelos mesmos indicadores. Na classe A, ele foi identificado em 79% dos ouvidos, enquanto nas classes D e E foi relatado por 68% dos entrevistados. Entre os usu\u00e1rios&nbsp;com ensino superior, alcan\u00e7ou 80%, contra 52% entre os analfabetos e pessoas que tiveram at\u00e9 a educa\u00e7\u00e3o infantil.<\/p>\n\n\n\n<p>As m\u00fasicas&nbsp;<em>online<\/em>&nbsp;s\u00e3o ouvidas por 73% dos entrevistados nas cidades e por 64% no campo. Os homens apareceram com \u00edndice maior (76%) do que as mulheres (70%). No recorte por cor e ra\u00e7a, as respostas ficaram em patamares semelhantes. J\u00e1 os&nbsp;<em>downloads<\/em>&nbsp;de m\u00fasicas ainda permanecem como op\u00e7\u00e3o para 41% dos ouvidos.<\/p>\n\n\n\n<p>A pesquisa incluiu a an\u00e1lise sobre o consumo de programas de \u00e1udio&nbsp;<em>online<\/em>, os chamados&nbsp;<em>podcasts<\/em>. Dos usu\u00e1rios ouvidos, 13% contaram consumir este tipo de conte\u00fado. Na classe A, este pecentual sobe para 37%.<\/p>\n\n\n\n<h2 class=\"wp-block-heading\">Cria\u00e7\u00e3o de conte\u00fados<\/h2>\n\n\n\n<p>A pesquisa tamb\u00e9m perguntou aos entrevistados sobre pr\u00e1ticas de cria\u00e7\u00e3o e compartilhamento de conte\u00fados na internet. Dos ouvidos, 19% relataram produzir ou atualizar&nbsp;<em>blogs&nbsp;<\/em>ou p\u00e1ginas na&nbsp;<em>web<\/em>&nbsp;e 36% publicaram textos, imagens, fotos ou v\u00eddeos que criaram na rede mundial de computadores. Os \u00edndices tamb\u00e9m crescem de acordo com a renda e a escolaridade.<\/p>\n\n\n\n<p>J\u00e1 o ato de compartilhar conte\u00fados de terceiros foi mais comum, sendo confirmado por 73% dos entrevistados pela pequisa.<\/p>\n\n\n\n<h2 class=\"wp-block-heading\">Avalia\u00e7\u00e3o<\/h2>\n\n\n\n<p>Na avalia\u00e7\u00e3o do gerente do Cetic.br, Alexandre Barbosa, o Brasil passou da situa\u00e7\u00e3o no passado recente de pessoas que faziam&nbsp;<em>download<\/em>&nbsp;de m\u00fasicas e v\u00eddeos para&nbsp;hoje fazer esse consumo de forma online. A propor\u00e7\u00e3o dos usu\u00e1rios que assistem conte\u00fado de&nbsp;<em>streaming&nbsp;<\/em>est\u00e1 relacionada aos que usam por m\u00faltiplos dispositivos, com \u00edndices maiores para este tipo de consumo na banda larga fixa do que na m\u00f3vel.<\/p>\n\n\n\n<blockquote class=\"wp-block-quote is-layout-flow wp-block-quote-is-layout-flow\"><p>\u201cA quest\u00e3o do pagamento est\u00e1 atrelada \u00e0 classe social e renda. Fam\u00edlias de renda mais altas pagam por estes conte\u00fados, enquanto fam\u00edlias de renda mais baixa n\u00e3o. H\u00e1 uma baixa propor\u00e7\u00e3o da popula\u00e7\u00e3o que est\u00e1 criando seu pr\u00f3prio conte\u00fado. \u00c9 mais f\u00e1cil consumir not\u00edcias em redes sociais do que produzir conte\u00fado, seja num blog do que em um conte\u00fado mais qualificado\u201d, observa Barbosa.<\/p><\/blockquote>\n\n\n\n<p>Para&nbsp;Rafael Evangelista,&nbsp;pesquisador do Laborat\u00f3rio de&nbsp;Estudos&nbsp;Avan\u00e7ados em&nbsp;Jornalismo da&nbsp;Unicamp,&nbsp;o consumo de v\u00eddeo tem se dado fortemente pelos servi\u00e7os de mensageria, como o Whatsapp. Como muitas pessoas s\u00f3 acessam a internet do celular e possuem pacotes de dados limitados, ficam ref\u00e9ns dos servi\u00e7os gratuitos dessas redes sociais, que fazem acordo com as operadoras para n\u00e3o contar no consumo de dados.<\/p>\n\n\n\n<blockquote class=\"wp-block-quote is-layout-flow wp-block-quote-is-layout-flow\"><p>\u201cH\u00e1 uma concentra\u00e7\u00e3o na informa\u00e7\u00e3o neste desenho que \u00e9 muito restrito a certas aplica\u00e7\u00f5es. Tem problema que n\u00e3o consegue verificar a informa\u00e7\u00e3o e n\u00e3o tem acesso livre, para que voc\u00ea escolha o que voc\u00ea est\u00e1 consumindo. Est\u00e1 consumindo aquilo que recebe nos grupos. \u00c9 um problema que indica o poder dessas empresas que fazem acordos de concentra\u00e7\u00e3o do mercado. Como vai&nbsp;ter&nbsp;competi\u00e7\u00e3o no mercado de aplicativos que n\u00e3o sejam os controlados por Google ou Facebook?\u201d, indaga.<\/p><\/blockquote>\n","protected":false},"excerpt":{"rendered":"<p>O consumo de v\u00eddeo e \u00e1udio&nbsp;online&nbsp;(o chamado&nbsp;streaming) aumentou e se consolidou no Brasil. Entre os usu\u00e1rios de internet, 74% assistiram a programas, filmes, v\u00eddeos ou&hellip; <\/p>\n","protected":false},"author":2,"featured_media":172314,"comment_status":"closed","ping_status":"closed","sticky":false,"template":"","format":"standard","meta":{"sfsi_plus_gutenberg_text_before_share":"","sfsi_plus_gutenberg_show_text_before_share":"","sfsi_plus_gutenberg_icon_type":"","sfsi_plus_gutenberg_icon_alignemt":"","sfsi_plus_gutenburg_max_per_row":"","footnotes":""},"categories":[2],"tags":[],"class_list":["post-172313","post","type-post","status-publish","format-standard","has-post-thumbnail","hentry","category-geral"],"_links":{"self":[{"href":"https:\/\/www.caririemacao.com\/1\/wp-json\/wp\/v2\/posts\/172313","targetHints":{"allow":["GET"]}}],"collection":[{"href":"https:\/\/www.caririemacao.com\/1\/wp-json\/wp\/v2\/posts"}],"about":[{"href":"https:\/\/www.caririemacao.com\/1\/wp-json\/wp\/v2\/types\/post"}],"author":[{"embeddable":true,"href":"https:\/\/www.caririemacao.com\/1\/wp-json\/wp\/v2\/users\/2"}],"replies":[{"embeddable":true,"href":"https:\/\/www.caririemacao.com\/1\/wp-json\/wp\/v2\/comments?post=172313"}],"version-history":[{"count":1,"href":"https:\/\/www.caririemacao.com\/1\/wp-json\/wp\/v2\/posts\/172313\/revisions"}],"predecessor-version":[{"id":172315,"href":"https:\/\/www.caririemacao.com\/1\/wp-json\/wp\/v2\/posts\/172313\/revisions\/172315"}],"wp:featuredmedia":[{"embeddable":true,"href":"https:\/\/www.caririemacao.com\/1\/wp-json\/wp\/v2\/media\/172314"}],"wp:attachment":[{"href":"https:\/\/www.caririemacao.com\/1\/wp-json\/wp\/v2\/media?parent=172313"}],"wp:term":[{"taxonomy":"category","embeddable":true,"href":"https:\/\/www.caririemacao.com\/1\/wp-json\/wp\/v2\/categories?post=172313"},{"taxonomy":"post_tag","embeddable":true,"href":"https:\/\/www.caririemacao.com\/1\/wp-json\/wp\/v2\/tags?post=172313"}],"curies":[{"name":"wp","href":"https:\/\/api.w.org\/{rel}","templated":true}]}}