{"id":172317,"date":"2020-06-01T08:06:09","date_gmt":"2020-06-01T11:06:09","guid":{"rendered":"https:\/\/www.caririemacao.com\/1\/?p=172317"},"modified":"2020-06-01T08:06:09","modified_gmt":"2020-06-01T11:06:09","slug":"acesso-a-internet-e-exclusivo-no-celular-para-59-no-brasil","status":"publish","type":"post","link":"https:\/\/www.caririemacao.com\/1\/2020\/06\/01\/acesso-a-internet-e-exclusivo-no-celular-para-59-no-brasil\/","title":{"rendered":"Acesso \u00e0 internet \u00e9 exclusivo no celular para 59% no Brasil"},"content":{"rendered":"\n<h2 class=\"wp-block-heading\"><\/h2>\n\n\n\n<p>A pesquisa TIC Domic\u00edlios apontou que 58% dos brasileiros acessavam a internet em 2019 exclusivamente pelo telefone celular. O estudo indicou que a conex\u00e3o estava dispon\u00edvel para 74% da popula\u00e7\u00e3o, o que correspondia a 134 milh\u00f5es de pessoas, e em 71% dos lares no pa\u00eds.<\/p>\n\n\n\n<p>O telefone celular foi praticamente \u201cuniversalizado\u201d entre os internautas brasileiros: 99% dos ouvidos relataram possuir o aparelho. Esta modalidade era menor at\u00e9 2014, quando estava em 76% dos internautas, e se tornou a principal a partir de 2015.<\/p>\n\n\n\n<p>J\u00e1 o uso da internet por meio de computadores vem caindo. Em 2014, este era o meio mais comum, com 80%. Foi ultrapassado pelo celular e caiu pela metade deste ent\u00e3o, chegando a 42% dos usu\u00e1rios de internet em 2019. J\u00e1 o acesso pela televis\u00e3o saiu de 7% em 2014 para 37% no ano passado.<\/p>\n\n\n\n<p>Conforme a pesquisa, 90% dos brasileiros possu\u00edam aparelho celular. Deste total, 62% contratavam planos pr\u00e9-pagos. Nas classes D e E, este percentual sobe para 70%.<\/p>\n\n\n\n<p>A depend\u00eancia do celular varia bastante conforme as caracter\u00edsticas socioecon\u00f4micas. Ela ficou em 79% na \u00e1rea rural e em 56% na urbana. Nas pessoas da classe A, o uso exclusivo era realidade para 11%, enquanto nas classes D e E era regra para 85% das pessoas. Na classe C, o \u00edndice tamb\u00e9m era alto, de 61%. O percentual tamb\u00e9m foi maior entre mulheres (63%) do que em homens (52%).<\/p>\n\n\n\n<p>Essa condi\u00e7\u00e3o tamb\u00e9m difere no recorte por escolaridade: \u00e9 de 90% para analfabetos ou pessoas que s\u00f3 estudaram at\u00e9 a educa\u00e7\u00e3o infantil, 61% para quem possui ensino m\u00e9dio e 19% para quem obteve diploma de n\u00edvel superior. J\u00e1 na avalia\u00e7\u00e3o por idade, o \u00edndice fica maior entre os adolescentes (65%) e idosos (65%) e menor na faixa intermedi\u00e1ria, de 16 a 59 anos (56%).<\/p>\n\n\n\n<h2 class=\"wp-block-heading\">Impacto de experi\u00eancias<\/h2>\n\n\n\n<p>O coordenador do Cetic.br, respons\u00e1vel pela pesquisa, Alexandre Barbosa, observa como essa varia\u00e7\u00e3o por renda impacta as experi\u00eancias destes usu\u00e1rios. \u201c\u00c9 bom que tenha acesso, mas tem limita\u00e7\u00f5es para o desenvolvimento de muitas habilidades. Quem faz uso exclusivo do celular tende a ter um uso bem instrumental. Por exemplo: quando a gente avalia o uso m\u00faltiplo de dispositivos, o uso de governo eletr\u00f4nico \u00e9 maior. Aqueles pelo celular o patamar \u00e9 30 pontos a menos. Estamos caminhando no sentido de ter acesso amplo, mas n\u00e3o basta ter acesso\u201d, disse.<\/p>\n\n\n\n<p>De acordo com o pesquisador do Laborat\u00f3rio de Estudos Avan\u00e7ados em Jornalismo da Unicamp e da Rede de Pesquisas em Vigil\u00e2ncia, Tecnologia e Sociedade (Lavits), Rafael Evangelista, h\u00e1 um efeito preocupante dessa depend\u00eancia no uso. Isso porque h\u00e1 uma franquia limitada de dados e como os pacotes variam conforme a renda, um grande contingente contrata servi\u00e7os com pouca capacidade, ficando relegado aos aplicativos gratuitos.<\/p>\n\n\n\n<p>\u201cAs pessoas ficam ref\u00e9ns dos servi\u00e7os gr\u00e1tis. Isso afunila para certas aplica\u00e7\u00f5es que fazem acordos com operadoras. H\u00e1 uma concentra\u00e7\u00e3o na informa\u00e7\u00e3o muito restrita a certas aplica\u00e7\u00f5es, como WhatsApp. Tem problema que n\u00e3o consegue verificar a informa\u00e7\u00e3o e n\u00e3o tem acesso livre, para que voc\u00ea escolha o que voc\u00ea est\u00e1 consumindo\u201d, pondera, em refer\u00eancia ao problema da profus\u00e3o de desinforma\u00e7\u00e3o nas redes sociais.<\/p>\n\n\n\n<figure class=\"wp-block-image\"><img decoding=\"async\" data-src=\"https:\/\/imagens.ebc.com.br\/Z4_XOtw4VG6crGS5lb0TK4RmQoQ=\/754x0\/smart\/https:\/\/agenciabrasil.ebc.com.br\/sites\/default\/files\/thumbnails\/image\/aplicativos_0428202598.jpg?itok=e5wqEzjk\" alt=\"Internet Aplicativos de mensagem\" title=\"Marcello Casal JrAg\u00eancia Brasil\" src=\"data:image\/svg+xml;base64,PHN2ZyB3aWR0aD0iMSIgaGVpZ2h0PSIxIiB4bWxucz0iaHR0cDovL3d3dy53My5vcmcvMjAwMC9zdmciPjwvc3ZnPg==\" class=\"lazyload\" \/><\/figure>\n\n\n\n<h6 class=\"wp-block-heading\">Uso de internet exclusivo por celular impacta&nbsp;as experi\u00eancias dos usu\u00e1rios &nbsp;&#8211;&nbsp;<strong>Marcello Casal JrAg\u00eancia Brasil<\/strong><\/h6>\n\n\n\n<h2 class=\"wp-block-heading\">Usu\u00e1rios por antena<\/h2>\n\n\n\n<p>A advogada e integrante do Comit\u00ea Gestor da Internet e da Coaliz\u00e3o Direitos na Rede Fl\u00e1via Lef\u00e9vre destaca que a franquia existe porque a infraestrutura dispon\u00edvel para acesso \u00e0 internet tem limites. A Uni\u00e3o Internacional de Telecomunica\u00e7\u00f5es (UIT) estabelece a m\u00e9dia recomendada de 1,5 mil usu\u00e1rios por antena. No estado de S\u00e3o Paulo, por exemplo, essa propor\u00e7\u00e3o varia entre 2,5 mil e 3,5 mil usu\u00e1rios por antena. Em alguns bairros de baixa renda da capital paulista, chega a 10 mil usu\u00e1rios por antena.<\/p>\n\n\n\n<p>\u201cA aposta que os governos fizeram de fazer a inclus\u00e3o digital pela rede m\u00f3vel est\u00e1 mostrando que leva a resultados indesej\u00e1veis e n\u00e3o inclui. Voc\u00ea v\u00ea que o uso principal \u00e9 mensagem e redes sociais. Outros usos s\u00e3o poucos. As demais atividades est\u00e3o circunscritas a classes A e B e C. Nesta pandemia, a gente est\u00e1 vendo estudantes de periferia com dificuldade de estudar em casa\u201d, disse a advogada.<\/p>\n\n\n\n<p>Para o presidente do Sindicato das Empresas de Telecomunica\u00e7\u00f5es (Sinditelebrasil), Marcos Ferrari, onde h\u00e1 competi\u00e7\u00e3o e viabilidade para o investimento, a concorr\u00eancia est\u00e1 permitindo uma melhoria da infraestrutura, como com o uso de fibra.<\/p>\n\n\n\n<p>\u201cNas cidades menores, de baixo IDH [\u00cdndice de Desenvolvimento Humano], e em \u00e1reas menos favorecidas, h\u00e1 a necessidade de se ter pol\u00edticas p\u00fablicas que favore\u00e7am a demanda (tributa\u00e7\u00e3o menor), que incentivem o uso de recursos dos fundos setoriais para disponibilizar infraestrutura e que privilegiem nos editais de venda de licen\u00e7as (como o 5G) compromissos de abrang\u00eancia voltados \u00e0 amplia\u00e7\u00e3o de backhaul \u00f3ptico e infraestrutura de acesso\u201d, defende.<\/p>\n","protected":false},"excerpt":{"rendered":"<p>A pesquisa TIC Domic\u00edlios apontou que 58% dos brasileiros acessavam a internet em 2019 exclusivamente pelo telefone celular. O estudo indicou que a conex\u00e3o estava&hellip; <\/p>\n","protected":false},"author":2,"featured_media":172318,"comment_status":"closed","ping_status":"closed","sticky":false,"template":"","format":"standard","meta":{"sfsi_plus_gutenberg_text_before_share":"","sfsi_plus_gutenberg_show_text_before_share":"","sfsi_plus_gutenberg_icon_type":"","sfsi_plus_gutenberg_icon_alignemt":"","sfsi_plus_gutenburg_max_per_row":"","footnotes":""},"categories":[2],"tags":[],"class_list":["post-172317","post","type-post","status-publish","format-standard","has-post-thumbnail","hentry","category-geral"],"_links":{"self":[{"href":"https:\/\/www.caririemacao.com\/1\/wp-json\/wp\/v2\/posts\/172317","targetHints":{"allow":["GET"]}}],"collection":[{"href":"https:\/\/www.caririemacao.com\/1\/wp-json\/wp\/v2\/posts"}],"about":[{"href":"https:\/\/www.caririemacao.com\/1\/wp-json\/wp\/v2\/types\/post"}],"author":[{"embeddable":true,"href":"https:\/\/www.caririemacao.com\/1\/wp-json\/wp\/v2\/users\/2"}],"replies":[{"embeddable":true,"href":"https:\/\/www.caririemacao.com\/1\/wp-json\/wp\/v2\/comments?post=172317"}],"version-history":[{"count":1,"href":"https:\/\/www.caririemacao.com\/1\/wp-json\/wp\/v2\/posts\/172317\/revisions"}],"predecessor-version":[{"id":172319,"href":"https:\/\/www.caririemacao.com\/1\/wp-json\/wp\/v2\/posts\/172317\/revisions\/172319"}],"wp:featuredmedia":[{"embeddable":true,"href":"https:\/\/www.caririemacao.com\/1\/wp-json\/wp\/v2\/media\/172318"}],"wp:attachment":[{"href":"https:\/\/www.caririemacao.com\/1\/wp-json\/wp\/v2\/media?parent=172317"}],"wp:term":[{"taxonomy":"category","embeddable":true,"href":"https:\/\/www.caririemacao.com\/1\/wp-json\/wp\/v2\/categories?post=172317"},{"taxonomy":"post_tag","embeddable":true,"href":"https:\/\/www.caririemacao.com\/1\/wp-json\/wp\/v2\/tags?post=172317"}],"curies":[{"name":"wp","href":"https:\/\/api.w.org\/{rel}","templated":true}]}}