{"id":172329,"date":"2020-06-01T10:29:46","date_gmt":"2020-06-01T13:29:46","guid":{"rendered":"https:\/\/www.caririemacao.com\/1\/?p=172329"},"modified":"2020-06-01T10:29:46","modified_gmt":"2020-06-01T13:29:46","slug":"colisao-frontal-entre-dois-carros-deixa-uma-pessoa-morta-e-quatro-feridas-na-regiao-do-cariri","status":"publish","type":"post","link":"https:\/\/www.caririemacao.com\/1\/2020\/06\/01\/colisao-frontal-entre-dois-carros-deixa-uma-pessoa-morta-e-quatro-feridas-na-regiao-do-cariri\/","title":{"rendered":"Colis\u00e3o frontal entre dois carros deixa uma pessoa morta e quatro feridas na regi\u00e3o do Cariri"},"content":{"rendered":"\n<h1 class=\"wp-block-heading\"><\/h1>\n\n\n\n<p>\u00a0Na noite deste domingo (31), um grave acidente resultou na morte do cabaceirense Marcos Ant\u00f4nio, conhecido por Neg\u00e3o de Seu Jaime. Ele vinha com mais tr\u00eas pessoas em um carro, retornando da cidade de Boqueir\u00e3o. O acidente ocorreu por volta das 23hrs.<\/p>\n\n\n\n<p>Num dos ve\u00edculos estavam os cabaceirenses Marcos Ant\u00f4nio, Diego de Aldo, Carlinhos e Marcinho (pai e filho). Eles voltavam de Boqueir\u00e3o quando colidiram com o carro dirigido pelo jovem identificado at\u00e9 o momento como Marcos, de 20 anos de idade, que voltava de Cabaceiras.<\/p>\n\n\n\n<p>A causa do acidente ainda n\u00e3o foi confirmada, mas a colis\u00e3o foi frontal, com um dos ve\u00edculos saindo at\u00e9 da pista, a rodovia PB 148. O Samu foi acionado e transferiu de forma r\u00e1pida para o Hospital de Trauma de Campina Grande o cabaceirense Marcos Ant\u00f4nio e o jovem de Boqueir\u00e3o, tamb\u00e9m identificado como Marcos.<\/p>\n\n\n\n<p>Marcos Ant\u00f4nio faleceu j\u00e1 no hospital e o jovem boqueir\u00e3oense est\u00e1 se recuperando. Marcinho, que \u00e9 de Cabaceiras, tamb\u00e9m foi socorrido para o Hospital de Trauma, mas se recupera. Aldo e Carlinhos tiveram apenas escoria\u00e7\u00f5es e n\u00e3o precisaram ser socorridos.<\/p>\n\n\n\n<p><strong>De Olho no Cariri<\/strong><\/p>\n","protected":false},"excerpt":{"rendered":"<p>\u00a0Na noite deste domingo (31), um grave acidente resultou na morte do cabaceirense Marcos Ant\u00f4nio, conhecido por Neg\u00e3o de Seu Jaime. Ele vinha com mais&hellip; <\/p>\n","protected":false},"author":2,"featured_media":172330,"comment_status":"closed","ping_status":"closed","sticky":false,"template":"","format":"standard","meta":{"sfsi_plus_gutenberg_text_before_share":"","sfsi_plus_gutenberg_show_text_before_share":"","sfsi_plus_gutenberg_icon_type":"","sfsi_plus_gutenberg_icon_alignemt":"","sfsi_plus_gutenburg_max_per_row":"","footnotes":""},"categories":[2],"tags":[],"class_list":["post-172329","post","type-post","status-publish","format-standard","has-post-thumbnail","hentry","category-geral"],"_links":{"self":[{"href":"https:\/\/www.caririemacao.com\/1\/wp-json\/wp\/v2\/posts\/172329","targetHints":{"allow":["GET"]}}],"collection":[{"href":"https:\/\/www.caririemacao.com\/1\/wp-json\/wp\/v2\/posts"}],"about":[{"href":"https:\/\/www.caririemacao.com\/1\/wp-json\/wp\/v2\/types\/post"}],"author":[{"embeddable":true,"href":"https:\/\/www.caririemacao.com\/1\/wp-json\/wp\/v2\/users\/2"}],"replies":[{"embeddable":true,"href":"https:\/\/www.caririemacao.com\/1\/wp-json\/wp\/v2\/comments?post=172329"}],"version-history":[{"count":1,"href":"https:\/\/www.caririemacao.com\/1\/wp-json\/wp\/v2\/posts\/172329\/revisions"}],"predecessor-version":[{"id":172331,"href":"https:\/\/www.caririemacao.com\/1\/wp-json\/wp\/v2\/posts\/172329\/revisions\/172331"}],"wp:featuredmedia":[{"embeddable":true,"href":"https:\/\/www.caririemacao.com\/1\/wp-json\/wp\/v2\/media\/172330"}],"wp:attachment":[{"href":"https:\/\/www.caririemacao.com\/1\/wp-json\/wp\/v2\/media?parent=172329"}],"wp:term":[{"taxonomy":"category","embeddable":true,"href":"https:\/\/www.caririemacao.com\/1\/wp-json\/wp\/v2\/categories?post=172329"},{"taxonomy":"post_tag","embeddable":true,"href":"https:\/\/www.caririemacao.com\/1\/wp-json\/wp\/v2\/tags?post=172329"}],"curies":[{"name":"wp","href":"https:\/\/api.w.org\/{rel}","templated":true}]}}