{"id":17233,"date":"2017-04-05T11:39:04","date_gmt":"2017-04-05T14:39:04","guid":{"rendered":"http:\/\/caririemacao.com\/1\/?p=17233"},"modified":"2017-04-05T11:39:04","modified_gmt":"2017-04-05T14:39:04","slug":"governo-do-estado-decreta-emergencia-em-municipios-do-cariri-e-de-outras-regioes-da-paraiba","status":"publish","type":"post","link":"https:\/\/www.caririemacao.com\/1\/2017\/04\/05\/governo-do-estado-decreta-emergencia-em-municipios-do-cariri-e-de-outras-regioes-da-paraiba\/","title":{"rendered":"Governo do Estado decreta emerg\u00eancia em munic\u00edpios do Cariri e de outras regi\u00f5es da Para\u00edba"},"content":{"rendered":"<p>O governador do Estado, Ricardo Coutinho (PSB), decretou situa\u00e7\u00e3o de emerg\u00eancia em 196 munic\u00edpios paraibanos por seis meses. De acordo com a portaria publicada no Di\u00e1rio Oficial da Uni\u00e3o desta quarta-feira (05), a medida foi por conta da estiagem.<\/p>\n<p>Entre as cidades citadas pelo Governo est\u00e3o: Campina Grande, Patos, Cajazeiras, Sousa, S\u00e3o Bento, Pombal, Areia, al\u00e9m dos munic\u00edpios do Cariri Paraibano.<\/p>\n<p><strong><a href=\"http:\/\/static.paraiba.pb.gov.br\/2017\/04\/Diario-Oficial-05-04-2017.pdf\">Clique aqui e confira a lista completa.<\/a><\/strong><\/p>\n<p>Pelo decreto, o Governo fica autorizado a abrir Cr\u00e9dito Extraordin\u00e1rio para combater a escassez, al\u00e9m de poder convocar volunt\u00e1rios para refor\u00e7ar as a\u00e7\u00f5es causadas pela estiagem.<\/p>\n<p>Por conta da situa\u00e7\u00e3o de emerg\u00eancia, ficam dispensados da necessidade de licita\u00e7\u00e3o os contratos de aquisi\u00e7\u00e3o de bens e servi\u00e7os necess\u00e1rios, loca\u00e7\u00e3o de m\u00e1quinas e equipamentos, presta\u00e7\u00e3o de servi\u00e7os e de obras. O decreto entrou em vigor a partir da data de publica\u00e7\u00e3o.<\/p>\n<p><strong><span style=\"font-family: 'Georgia','serif'; color: #333333;\">CARIRI EM A\u00c7\u00c3O\u00a0<\/span><\/strong><\/p>\n<p><span style=\"font-family: 'Georgia','serif'; color: #333333;\">Com MaisPB\/Foto: Reprodu\u00e7\u00e3o<\/span><\/p>\n<p><strong><span style=\"font-family: 'Georgia','serif'; color: #333333;\">Leia mais not\u00edcias em\u00a0<\/span><\/strong><a href=\"http:\/\/www.caririemacao.com\/\"><strong><span style=\"font-family: 'Georgia','serif';\">caririemacao.com<\/span><\/strong><\/a><strong><span style=\"font-family: 'Georgia','serif'; color: #333333;\">, siga nossa p\u00e1gina no<\/span><\/strong><a href=\"https:\/\/www.facebook.com\/CaririEmAcao\/\"><strong><span style=\"font-family: 'Georgia','serif';\">\u00a0Facebook<\/span><\/strong><\/a><strong><span style=\"font-family: 'Georgia','serif'; color: #333333;\">\u00a0e\u00a0<a href=\"https:\/\/www.instagram.com\/cariri_em_acao\/?hl=pt-br\">Instagram<\/a>\u00a0veja nossas mat\u00e9rias e fotos. Voc\u00ea tamb\u00e9m pode enviar informa\u00e7\u00f5es \u00e0 Reda\u00e7\u00e3o do Portal Cariri em A\u00e7\u00e3o pelo WhatsApp (83) 9 9634.5791, (83) 9 9601-1162 ou (83) 9 994189.<\/span><\/strong><\/p>\n","protected":false},"excerpt":{"rendered":"<p>O governador do Estado, Ricardo Coutinho (PSB), decretou situa\u00e7\u00e3o de emerg\u00eancia em 196 munic\u00edpios paraibanos por seis meses. De acordo com a portaria publicada no&hellip; <\/p>\n","protected":false},"author":2,"featured_media":17234,"comment_status":"closed","ping_status":"closed","sticky":false,"template":"","format":"standard","meta":{"sfsi_plus_gutenberg_text_before_share":"","sfsi_plus_gutenberg_show_text_before_share":"","sfsi_plus_gutenberg_icon_type":"","sfsi_plus_gutenberg_icon_alignemt":"","sfsi_plus_gutenburg_max_per_row":"","footnotes":""},"categories":[2],"tags":[],"class_list":["post-17233","post","type-post","status-publish","format-standard","has-post-thumbnail","hentry","category-geral"],"_links":{"self":[{"href":"https:\/\/www.caririemacao.com\/1\/wp-json\/wp\/v2\/posts\/17233","targetHints":{"allow":["GET"]}}],"collection":[{"href":"https:\/\/www.caririemacao.com\/1\/wp-json\/wp\/v2\/posts"}],"about":[{"href":"https:\/\/www.caririemacao.com\/1\/wp-json\/wp\/v2\/types\/post"}],"author":[{"embeddable":true,"href":"https:\/\/www.caririemacao.com\/1\/wp-json\/wp\/v2\/users\/2"}],"replies":[{"embeddable":true,"href":"https:\/\/www.caririemacao.com\/1\/wp-json\/wp\/v2\/comments?post=17233"}],"version-history":[{"count":0,"href":"https:\/\/www.caririemacao.com\/1\/wp-json\/wp\/v2\/posts\/17233\/revisions"}],"wp:featuredmedia":[{"embeddable":true,"href":"https:\/\/www.caririemacao.com\/1\/wp-json\/wp\/v2\/media\/17234"}],"wp:attachment":[{"href":"https:\/\/www.caririemacao.com\/1\/wp-json\/wp\/v2\/media?parent=17233"}],"wp:term":[{"taxonomy":"category","embeddable":true,"href":"https:\/\/www.caririemacao.com\/1\/wp-json\/wp\/v2\/categories?post=17233"},{"taxonomy":"post_tag","embeddable":true,"href":"https:\/\/www.caririemacao.com\/1\/wp-json\/wp\/v2\/tags?post=17233"}],"curies":[{"name":"wp","href":"https:\/\/api.w.org\/{rel}","templated":true}]}}