{"id":172333,"date":"2020-06-01T11:48:46","date_gmt":"2020-06-01T14:48:46","guid":{"rendered":"https:\/\/www.caririemacao.com\/1\/?p=172333"},"modified":"2020-06-01T11:48:46","modified_gmt":"2020-06-01T14:48:46","slug":"prf-nao-autoriza-prefeitura-de-sume-a-realizar-barreiras-sanitarias-na-br-412","status":"publish","type":"post","link":"https:\/\/www.caririemacao.com\/1\/2020\/06\/01\/prf-nao-autoriza-prefeitura-de-sume-a-realizar-barreiras-sanitarias-na-br-412\/","title":{"rendered":"PRF n\u00e3o autoriza Prefeitura de Sum\u00e9 a realizar barreiras sanit\u00e1rias na BR 412"},"content":{"rendered":"\n<div class=\"wp-block-image\"><figure class=\"alignleft\"><a href=\"https:\/\/www.sume.pb.gov.br\/wp-content\/uploads\/2020\/06\/Of%C3%ADcio-PRF.png\"><img decoding=\"async\" data-src=\"https:\/\/www.sume.pb.gov.br\/wp-content\/uploads\/2020\/06\/Of%C3%ADcio-PRF-300x225.png\" alt=\"\" class=\"wp-image-10275 lazyload\" src=\"data:image\/svg+xml;base64,PHN2ZyB3aWR0aD0iMSIgaGVpZ2h0PSIxIiB4bWxucz0iaHR0cDovL3d3dy53My5vcmcvMjAwMC9zdmciPjwvc3ZnPg==\" style=\"--smush-placeholder-width: 300px; --smush-placeholder-aspect-ratio: 300\/225;\" \/><\/a><figcaption><br><\/figcaption><\/figure><\/div>\n\n\n\n<p>A PRF declarou que entende a import\u00e2ncia do munic\u00edpio em somar esfor\u00e7os para enfrentamento \u00e0 Covid-19, mas n\u00e3o recomenda tais barreiras na BR que corta o munic\u00edpio. Para a realiza\u00e7\u00e3o das barreiras seria necess\u00e1ria a presen\u00e7a da PRF, considerando que o munic\u00edpio de Sum\u00e9 \u00e9 cortado pela Rodovia Federal 412.<\/p>\n\n\n\n<p>A PRF informou que no momento, h\u00e1 em execu\u00e7\u00e3o, 8 barreiras sanit\u00e1rias nos limites com os Estados do Rio Grande do Norte, Pernambuco e Cear\u00e1, onde policiais rodovi\u00e1rios se fazem presentes. Somadas \u00e0s demais atribui\u00e7\u00f5es que s\u00e3o executadas cotidianamente pela PRF, como os atendimentos aos acidentes, enfrentamento aos crimes e as fiscaliza\u00e7\u00f5es de normas de tr\u00e2nsito, n\u00e3o h\u00e1 equipe suficiente na Pol\u00edcia que possa atender a demanda do munic\u00edpio de Sum\u00e9.<\/p>\n\n\n\n<p>Outro ponto destacado pela Pol\u00edcia Rodovi\u00e1ria Federal se trata da seguran\u00e7a no tr\u00e2nsito, \u00e9 importante preservar a integridade f\u00edsica dos profissionais que est\u00e3o nas barreiras, estas que muitas vezes s\u00e3o interpretadas como bloqueios policiais por criminosos que trafegam pelas rodovias.<\/p>\n\n\n\n<p>A PRF tamb\u00e9m justificou que o transporte rodovi\u00e1rio de cargas pode ser prejudicado, causando lentid\u00e3o no fluxo de ve\u00edculos, considerando as diversas barreiras sanit\u00e1rias j\u00e1 existentes nas rodovias do pa\u00eds, o que pode vir a prejudicar o escoamento de alimentos, medicamentos e equipamentos hospitalares.<\/p>\n\n\n\n<p>Com a impossibilidade de realizar as barreiras sanit\u00e1rias na BR-412, a Prefeitura de Sum\u00e9 deslocar\u00e1 as equipes da Vigil\u00e2ncia Epidemiol\u00f3gica a atuarem na PB-214\/sa\u00edda para o Congo e na sa\u00edda para o munic\u00edpio de Amparo.<\/p>\n\n\n\n<p>Ascom PMS<\/p>\n","protected":false},"excerpt":{"rendered":"<p>A PRF declarou que entende a import\u00e2ncia do munic\u00edpio em somar esfor\u00e7os para enfrentamento \u00e0 Covid-19, mas n\u00e3o recomenda tais barreiras na BR que corta&hellip; <\/p>\n","protected":false},"author":2,"featured_media":170536,"comment_status":"closed","ping_status":"closed","sticky":false,"template":"","format":"standard","meta":{"sfsi_plus_gutenberg_text_before_share":"","sfsi_plus_gutenberg_show_text_before_share":"","sfsi_plus_gutenberg_icon_type":"","sfsi_plus_gutenberg_icon_alignemt":"","sfsi_plus_gutenburg_max_per_row":"","footnotes":""},"categories":[6],"tags":[],"class_list":["post-172333","post","type-post","status-publish","format-standard","has-post-thumbnail","hentry","category-cidades"],"_links":{"self":[{"href":"https:\/\/www.caririemacao.com\/1\/wp-json\/wp\/v2\/posts\/172333","targetHints":{"allow":["GET"]}}],"collection":[{"href":"https:\/\/www.caririemacao.com\/1\/wp-json\/wp\/v2\/posts"}],"about":[{"href":"https:\/\/www.caririemacao.com\/1\/wp-json\/wp\/v2\/types\/post"}],"author":[{"embeddable":true,"href":"https:\/\/www.caririemacao.com\/1\/wp-json\/wp\/v2\/users\/2"}],"replies":[{"embeddable":true,"href":"https:\/\/www.caririemacao.com\/1\/wp-json\/wp\/v2\/comments?post=172333"}],"version-history":[{"count":1,"href":"https:\/\/www.caririemacao.com\/1\/wp-json\/wp\/v2\/posts\/172333\/revisions"}],"predecessor-version":[{"id":172334,"href":"https:\/\/www.caririemacao.com\/1\/wp-json\/wp\/v2\/posts\/172333\/revisions\/172334"}],"wp:featuredmedia":[{"embeddable":true,"href":"https:\/\/www.caririemacao.com\/1\/wp-json\/wp\/v2\/media\/170536"}],"wp:attachment":[{"href":"https:\/\/www.caririemacao.com\/1\/wp-json\/wp\/v2\/media?parent=172333"}],"wp:term":[{"taxonomy":"category","embeddable":true,"href":"https:\/\/www.caririemacao.com\/1\/wp-json\/wp\/v2\/categories?post=172333"},{"taxonomy":"post_tag","embeddable":true,"href":"https:\/\/www.caririemacao.com\/1\/wp-json\/wp\/v2\/tags?post=172333"}],"curies":[{"name":"wp","href":"https:\/\/api.w.org\/{rel}","templated":true}]}}