{"id":172336,"date":"2020-06-01T11:54:46","date_gmt":"2020-06-01T14:54:46","guid":{"rendered":"https:\/\/www.caririemacao.com\/1\/?p=172336"},"modified":"2020-06-01T11:54:46","modified_gmt":"2020-06-01T14:54:46","slug":"nota-esclarece-oficialmente-que-numero-de-casos-de-covid-19-em-monteiro-e-25","status":"publish","type":"post","link":"https:\/\/www.caririemacao.com\/1\/2020\/06\/01\/nota-esclarece-oficialmente-que-numero-de-casos-de-covid-19-em-monteiro-e-25\/","title":{"rendered":"Nota esclarece oficialmente que n\u00famero de casos de COVID-19 em Monteiro \u00e9 25."},"content":{"rendered":"\n<p>O munic\u00edpio de Monteiro, por meio da Secretaria Municipal de Sa\u00fade e da Vigil\u00e2ncia Sa\u00fade, vem esclarecer que, em rela\u00e7\u00e3o ao dados epidemiol\u00f3gicos divulgados pelo IBGE informando que no nosso munic\u00edpio existem 44 casos de COVID &#8211; 19, s\u00e3o informa\u00e7\u00f5es emitidas pelo DATASUS\/MS e est\u00e3o em duplicidade.<\/p>\n\n\n\n<p><br>O mesmo fato ocorrido \u00e0 semana passada pelo Estado da Para\u00edba, cujas diverg\u00eancia de dados j\u00e1 foram corrigidas.<\/p>\n\n\n\n<p><br>Como j\u00e1 explicado anteriormente, tal fato se deu em decorr\u00eancia de uma inconsist\u00eancia do sistema que duplicou fichas positivas. <\/p>\n\n\n\n<p>No entanto, est\u00e1 se trabalhando para corrigir tal inconsist\u00eancia o mais r\u00e1pido poss\u00edvel.<\/p>\n\n\n\n<p><br>Reafirmamos que at\u00e9 \u00e0s 17 h deste domingo (31\/05), Monteiro possui 25 casos confirmados de COVID-19.<\/p>\n\n\n\n<p><br>Lamentamos que em plena pandemia, pessoas mal intencionadas busquem intensificar a propaga\u00e7\u00e3o de um fato j\u00e1 esclarecido anteriormente.<\/p>\n\n\n\n<p><br>A Secretaria de Sa\u00fade do Munic\u00edpio de Monteiro tem o compromisso de intensificar o combate ao COVID &#8211; 19 e de manter a transpar\u00eancia dos casos, publicando diariamente o boletim atualizado dos casos confirmados, descartados e recuperados.<\/p>\n\n\n\n<p><strong><br>SECOM<\/strong><\/p>\n","protected":false},"excerpt":{"rendered":"<p>O munic\u00edpio de Monteiro, por meio da Secretaria Municipal de Sa\u00fade e da Vigil\u00e2ncia Sa\u00fade, vem esclarecer que, em rela\u00e7\u00e3o ao dados epidemiol\u00f3gicos divulgados pelo&hellip; <\/p>\n","protected":false},"author":2,"featured_media":172337,"comment_status":"closed","ping_status":"closed","sticky":false,"template":"","format":"standard","meta":{"sfsi_plus_gutenberg_text_before_share":"","sfsi_plus_gutenberg_show_text_before_share":"","sfsi_plus_gutenberg_icon_type":"","sfsi_plus_gutenberg_icon_alignemt":"","sfsi_plus_gutenburg_max_per_row":"","footnotes":""},"categories":[2],"tags":[],"class_list":["post-172336","post","type-post","status-publish","format-standard","has-post-thumbnail","hentry","category-geral"],"_links":{"self":[{"href":"https:\/\/www.caririemacao.com\/1\/wp-json\/wp\/v2\/posts\/172336","targetHints":{"allow":["GET"]}}],"collection":[{"href":"https:\/\/www.caririemacao.com\/1\/wp-json\/wp\/v2\/posts"}],"about":[{"href":"https:\/\/www.caririemacao.com\/1\/wp-json\/wp\/v2\/types\/post"}],"author":[{"embeddable":true,"href":"https:\/\/www.caririemacao.com\/1\/wp-json\/wp\/v2\/users\/2"}],"replies":[{"embeddable":true,"href":"https:\/\/www.caririemacao.com\/1\/wp-json\/wp\/v2\/comments?post=172336"}],"version-history":[{"count":1,"href":"https:\/\/www.caririemacao.com\/1\/wp-json\/wp\/v2\/posts\/172336\/revisions"}],"predecessor-version":[{"id":172338,"href":"https:\/\/www.caririemacao.com\/1\/wp-json\/wp\/v2\/posts\/172336\/revisions\/172338"}],"wp:featuredmedia":[{"embeddable":true,"href":"https:\/\/www.caririemacao.com\/1\/wp-json\/wp\/v2\/media\/172337"}],"wp:attachment":[{"href":"https:\/\/www.caririemacao.com\/1\/wp-json\/wp\/v2\/media?parent=172336"}],"wp:term":[{"taxonomy":"category","embeddable":true,"href":"https:\/\/www.caririemacao.com\/1\/wp-json\/wp\/v2\/categories?post=172336"},{"taxonomy":"post_tag","embeddable":true,"href":"https:\/\/www.caririemacao.com\/1\/wp-json\/wp\/v2\/tags?post=172336"}],"curies":[{"name":"wp","href":"https:\/\/api.w.org\/{rel}","templated":true}]}}