{"id":172340,"date":"2020-06-01T11:58:35","date_gmt":"2020-06-01T14:58:35","guid":{"rendered":"https:\/\/www.caririemacao.com\/1\/?p=172340"},"modified":"2020-06-01T11:58:35","modified_gmt":"2020-06-01T14:58:35","slug":"cantor-monteirense-toma-choque-com-fone-de-ouvido-e-pode-ficar-surdo","status":"publish","type":"post","link":"https:\/\/www.caririemacao.com\/1\/2020\/06\/01\/cantor-monteirense-toma-choque-com-fone-de-ouvido-e-pode-ficar-surdo\/","title":{"rendered":"Cantor monteirense toma choque com fone de ouvido e pode ficar surdo"},"content":{"rendered":"\n<p>Usar o celular enquanto ele est\u00e1 carregando pode representar um risco muito grande. O equipamento pode explodir ou dar choques el\u00e9tricos. Foi o que aconteceu com o cantor e compositor paraibano Totonho.<\/p>\n\n\n\n<p>Em postagem feita em suas redes sociais, o artista relatou ter conectado um fone de ouvido ao celular (enquanto o equipamento estava sendo carregado na tomada). \u201cTomei um choque dentro do ouvido com queimaduras e sangramento\u201d, disse Totonho.<\/p>\n\n\n\n<p>Ele buscou ajuda em um hospital p\u00fablico. \u201cProvavelmente perderei a audi\u00e7\u00e3o do ouvido direito\u201d, falou ele. Totonho deve voltar ao hospital na pr\u00f3xima quarta-feira, dia 3. \u201cVou ficar bem e continuar fazendo m\u00fasica mesmo amea\u00e7ado de n\u00e3o escut\u00e1-las\u201d. Que fique bem logo!<\/p>\n\n\n\n<p>Nascido em Monteiro, no Cariri da Para\u00edba, Totonho \u00e9 um dos maiores nomes da cena musical brasileira. Em 2018, ele lan\u00e7ou o excelente CD \u2018Samba Luzia Gorda\u2019, terceiro \u00e1lbum de sua carreira. Os outros dois registros fonogr\u00e1ficos s\u00e3o \u2018Sabotador de sat\u00e9lite\u2019 e \u2018Coco ostenta\u00e7\u00e3o\u2019.<\/p>\n\n\n\n<p>O disco \u2018Samba Luzia Gorda\u2019 conta com participa\u00e7\u00f5es de Otto, Moreno Veloso, Quinteto da Para\u00edba, Andr\u00e9 Abujamra, Manoel e Felipe Cordeiro, Cassiano Ziryab. As artes de capa e encarte s\u00e3o de Shiko.<\/p>\n\n\n\n<p><em>Portal T5 \u2013 Por J\u00e3marri Nogueira (Blog Clape)<\/em><\/p>\n","protected":false},"excerpt":{"rendered":"<p>Usar o celular enquanto ele est\u00e1 carregando pode representar um risco muito grande. O equipamento pode explodir ou dar choques el\u00e9tricos. Foi o que aconteceu&hellip; <\/p>\n","protected":false},"author":2,"featured_media":172341,"comment_status":"closed","ping_status":"closed","sticky":false,"template":"","format":"standard","meta":{"sfsi_plus_gutenberg_text_before_share":"","sfsi_plus_gutenberg_show_text_before_share":"","sfsi_plus_gutenberg_icon_type":"","sfsi_plus_gutenberg_icon_alignemt":"","sfsi_plus_gutenburg_max_per_row":"","footnotes":""},"categories":[2],"tags":[],"class_list":["post-172340","post","type-post","status-publish","format-standard","has-post-thumbnail","hentry","category-geral"],"_links":{"self":[{"href":"https:\/\/www.caririemacao.com\/1\/wp-json\/wp\/v2\/posts\/172340","targetHints":{"allow":["GET"]}}],"collection":[{"href":"https:\/\/www.caririemacao.com\/1\/wp-json\/wp\/v2\/posts"}],"about":[{"href":"https:\/\/www.caririemacao.com\/1\/wp-json\/wp\/v2\/types\/post"}],"author":[{"embeddable":true,"href":"https:\/\/www.caririemacao.com\/1\/wp-json\/wp\/v2\/users\/2"}],"replies":[{"embeddable":true,"href":"https:\/\/www.caririemacao.com\/1\/wp-json\/wp\/v2\/comments?post=172340"}],"version-history":[{"count":1,"href":"https:\/\/www.caririemacao.com\/1\/wp-json\/wp\/v2\/posts\/172340\/revisions"}],"predecessor-version":[{"id":172342,"href":"https:\/\/www.caririemacao.com\/1\/wp-json\/wp\/v2\/posts\/172340\/revisions\/172342"}],"wp:featuredmedia":[{"embeddable":true,"href":"https:\/\/www.caririemacao.com\/1\/wp-json\/wp\/v2\/media\/172341"}],"wp:attachment":[{"href":"https:\/\/www.caririemacao.com\/1\/wp-json\/wp\/v2\/media?parent=172340"}],"wp:term":[{"taxonomy":"category","embeddable":true,"href":"https:\/\/www.caririemacao.com\/1\/wp-json\/wp\/v2\/categories?post=172340"},{"taxonomy":"post_tag","embeddable":true,"href":"https:\/\/www.caririemacao.com\/1\/wp-json\/wp\/v2\/tags?post=172340"}],"curies":[{"name":"wp","href":"https:\/\/api.w.org\/{rel}","templated":true}]}}