{"id":172348,"date":"2020-06-01T14:03:03","date_gmt":"2020-06-01T17:03:03","guid":{"rendered":"https:\/\/www.caririemacao.com\/1\/?p=172348"},"modified":"2020-06-01T14:03:03","modified_gmt":"2020-06-01T17:03:03","slug":"todos-os-estados-do-nordeste-ja-planejam-retomada-da-economia","status":"publish","type":"post","link":"https:\/\/www.caririemacao.com\/1\/2020\/06\/01\/todos-os-estados-do-nordeste-ja-planejam-retomada-da-economia\/","title":{"rendered":"Todos os Estados do Nordeste j\u00e1 planejam retomada da economia"},"content":{"rendered":"\n<h1 class=\"wp-block-heading\"><\/h1>\n\n\n\n<p>Todos os nove Estados do Nordeste j\u00e1 est\u00e3o discutindo a possibilidade de retomada das atividades econ\u00f4micas, cada um a seu modo, mas sempre colocando como condi\u00e7\u00e3o a necessidade do respeito ao isolamento social para que os casos de&nbsp;coronav\u00edrus&nbsp;diminuam, o que ainda n\u00e3o \u00e9 uma realidade na regi\u00e3o.<\/p>\n\n\n\n<p>At\u00e9 esse domingo (31), dados mais atualizados das Secretarias Estaduais de Sa\u00fade contabilizavam cerca de 180 mil casos confirmados de coronav\u00edrus, causador da Covid-19, o que correspondia a 35% dos quase 515 mil identificados em todo o Brasil. Quanto \u00e0s mortes, s\u00e3o 8.887 registradas nos nove estados at\u00e9 esse domingo (31), o equivalente a 30% do total de 29.314 no pa\u00eds.<\/p>\n\n\n\n<div class=\"wp-block-image\"><figure class=\"aligncenter\"><img decoding=\"async\" data-src=\"http:\/\/deolhonocariri.com.br\/wp-content\/uploads\/2020\/06\/Captura-de-Tela-10.png\" alt=\"\" class=\"wp-image-83267 lazyload\" src=\"data:image\/svg+xml;base64,PHN2ZyB3aWR0aD0iMSIgaGVpZ2h0PSIxIiB4bWxucz0iaHR0cDovL3d3dy53My5vcmcvMjAwMC9zdmciPjwvc3ZnPg==\" \/><\/figure><\/div>\n\n\n\n<p>Cear\u00e1, Maranh\u00e3o e Pernambuco s\u00e3o os estados mais afetados pela pandemia no Nordeste, com os maiores n\u00fameros de casos confirmados e mortes. Piau\u00ed, Sergipe e Rio Grande do Norte t\u00eam os menores n\u00fameros.<\/p>\n\n\n\n<p>Segundo dado mais recente do Mapa de Isolamento Social do Instituto InLoco, no s\u00e1bado (30) a taxa de isolamento social em todos os estados do Nordeste estava em menos de 50%, n\u00famero inferior aos 70% recomendados pela Organiza\u00e7\u00e3o Mundial da Sa\u00fade (OMS) para que seja poss\u00edvel diminuir a curva de cont\u00e1gio do novo coronav\u00edrus.<\/p>\n\n\n\n<h2 class=\"wp-block-heading\"><strong>Para\u00edba<\/strong><\/h2>\n\n\n\n<p>A Para\u00edba registrou nesse domingo (31) mais 300 casos de coronav\u00edrus, chegando ao total de 13.162. Quatorze mortes provocadas pelo pat\u00f3geno foram contabilizadas em 24 horas, totalizando 360 em todo o estado. O levantamento di\u00e1rio da Secretaria de Estado da Sa\u00fade (SES-PB) mostra que 2.492 pessoas se recuperaram da Covid-19 e outros 10.975 casos foram descartados para a doen\u00e7a.<\/p>\n\n\n\n<p>O governador Jo\u00e3o Azev\u00eado (Cidadania) apresentou, nesse domingo (31), por meio de transmiss\u00e3o ao vivo nas redes sociais, o&nbsp;plano de retomada da atividade econ\u00f4mica na Para\u00edba, que ocorrer\u00e1 a partir do dia 15 de junho. O modelo \u00e9 composto por quatro conjuntos de indicadores comportamentais e epidemiol\u00f3gicos que ir\u00e3o gerar uma nota, indicando os setores econ\u00f4micos que poder\u00e3o ser abertos em cada munic\u00edpio.<\/p>\n\n\n\n<p>A obedi\u00eancia&nbsp;ao novo e mais r\u00edgido isolamento social, que come\u00e7a a valer nesta segunda-feira (1\u00ba), e \u00e0s taxas de progress\u00e3o de casos novos, ocupa\u00e7\u00e3o hospitalar e letalidade ser\u00e3o par\u00e2metros que ir\u00e3o gerar uma pontua\u00e7\u00e3o em bandeiras verde, amarela, vermelha ou preta para cada munic\u00edpio do estado.<\/p>\n\n\n\n<p>O munic\u00edpio que apresentar a bandeira verde poder\u00e1 ter todos os setores da economia em funcionamento, adotando as medidas de distanciamento social. A bandeira amarela indicar\u00e1 restri\u00e7\u00e3o de funcionamento de atividades que representam maior risco para o controle da epidemia. A bandeira vermelha permitir\u00e1 a libera\u00e7\u00e3o apenas das atividades essenciais e a preta, representa restri\u00e7\u00f5es adicionais de locomo\u00e7\u00e3o.<\/p>\n\n\n\n<p>A retomada das atividades econ\u00f4micas obedecer\u00e1 quatro fases: in\u00edcio da flexibiliza\u00e7\u00e3o, amplia\u00e7\u00e3o da flexibiliza\u00e7\u00e3o, abertura controlada e novo normal. A mudan\u00e7a de cada fase ter\u00e1 um intervalo m\u00ednimo de 14 dias, mediante a crit\u00e9rios como a redu\u00e7\u00e3o do n\u00famero de casos por pelo menos 14 dias cont\u00ednuos, aplica\u00e7\u00e3o de testes r\u00e1pidos e a capacidade do sistema de Sa\u00fade.<\/p>\n","protected":false},"excerpt":{"rendered":"<p>Todos os nove Estados do Nordeste j\u00e1 est\u00e3o discutindo a possibilidade de retomada das atividades econ\u00f4micas, cada um a seu modo, mas sempre colocando como&hellip; <\/p>\n","protected":false},"author":2,"featured_media":172349,"comment_status":"closed","ping_status":"closed","sticky":false,"template":"","format":"standard","meta":{"sfsi_plus_gutenberg_text_before_share":"","sfsi_plus_gutenberg_show_text_before_share":"","sfsi_plus_gutenberg_icon_type":"","sfsi_plus_gutenberg_icon_alignemt":"","sfsi_plus_gutenburg_max_per_row":"","footnotes":""},"categories":[2],"tags":[],"class_list":["post-172348","post","type-post","status-publish","format-standard","has-post-thumbnail","hentry","category-geral"],"_links":{"self":[{"href":"https:\/\/www.caririemacao.com\/1\/wp-json\/wp\/v2\/posts\/172348","targetHints":{"allow":["GET"]}}],"collection":[{"href":"https:\/\/www.caririemacao.com\/1\/wp-json\/wp\/v2\/posts"}],"about":[{"href":"https:\/\/www.caririemacao.com\/1\/wp-json\/wp\/v2\/types\/post"}],"author":[{"embeddable":true,"href":"https:\/\/www.caririemacao.com\/1\/wp-json\/wp\/v2\/users\/2"}],"replies":[{"embeddable":true,"href":"https:\/\/www.caririemacao.com\/1\/wp-json\/wp\/v2\/comments?post=172348"}],"version-history":[{"count":1,"href":"https:\/\/www.caririemacao.com\/1\/wp-json\/wp\/v2\/posts\/172348\/revisions"}],"predecessor-version":[{"id":172350,"href":"https:\/\/www.caririemacao.com\/1\/wp-json\/wp\/v2\/posts\/172348\/revisions\/172350"}],"wp:featuredmedia":[{"embeddable":true,"href":"https:\/\/www.caririemacao.com\/1\/wp-json\/wp\/v2\/media\/172349"}],"wp:attachment":[{"href":"https:\/\/www.caririemacao.com\/1\/wp-json\/wp\/v2\/media?parent=172348"}],"wp:term":[{"taxonomy":"category","embeddable":true,"href":"https:\/\/www.caririemacao.com\/1\/wp-json\/wp\/v2\/categories?post=172348"},{"taxonomy":"post_tag","embeddable":true,"href":"https:\/\/www.caririemacao.com\/1\/wp-json\/wp\/v2\/tags?post=172348"}],"curies":[{"name":"wp","href":"https:\/\/api.w.org\/{rel}","templated":true}]}}