{"id":172352,"date":"2020-06-01T14:07:36","date_gmt":"2020-06-01T17:07:36","guid":{"rendered":"https:\/\/www.caririemacao.com\/1\/?p=172352"},"modified":"2020-06-01T14:07:36","modified_gmt":"2020-06-01T17:07:36","slug":"bolsonaro-chama-moro-de-covarde-gracas-a-deus-ficamos-livres-dele","status":"publish","type":"post","link":"https:\/\/www.caririemacao.com\/1\/2020\/06\/01\/bolsonaro-chama-moro-de-covarde-gracas-a-deus-ficamos-livres-dele\/","title":{"rendered":"Bolsonaro chama Moro de covarde: \u201cGra\u00e7as a Deus ficamos livres dele\u201d"},"content":{"rendered":"\n<h1 class=\"wp-block-heading\"><\/h1>\n\n\n\n<p>O presidente Jair Bolsonaro (sem partido) voltou a disparar ataques contra o ex-ministro da Justi\u00e7a e Seguran\u00e7a P\u00fablica Sergio Moro, ao conversar com apoiadores em frente ao Pal\u00e1cio da Alvorada, nesta segunda-feira (01\/05).<\/p>\n\n\n\n<p>O presidente enfatizou, na conversa, que a postura do ex-ministro, refrat\u00e1rio \u00e0 amplia\u00e7\u00e3o, teria dificultado a continuidade das pol\u00edticas de flexibilizar a posse de armas de fogo para as \u201cpessoas de bem\u201d.<\/p>\n\n\n\n<p>\u201cPara voc\u00eas entenderem quem estava do meu lado, essa IN (Instru\u00e7\u00e3o Normativa) 131 \u00e9 da PF, mas [foi feita] por determina\u00e7\u00e3o do Moro. Ignorou decretos meus para a posse de arma de fogo para as pessoas de bem\u201d, reclamou o presidente, chamando o ex-ministro de \u201ccovarde\u201d.<\/p>\n\n\n\n<p>\u201cPor isso que naquela reuni\u00e3o secreta o Moro ficou calado de forma covarde. E ele queria ainda uma portaria depois que multasse quem estivesse na rua. Perfeitamente alinhado com outra ideologia que n\u00e3o a nossa\u201d, completou Bolsonaro.<\/p>\n\n\n\n<p>Ao final o presidente ainda comemorou a sa\u00edda de Moro da pasta: \u201cGra\u00e7as a Deus ficamos livres dele\u201d<\/p>\n\n\n\n<p>O ex-juiz federal Sergio Moro concedeu entrevista coletiva na sede da Justi\u00e7a Federal, em Curitiba, para falar de sua aceita\u00e7\u00e3o para o cargo de ministro da Justi\u00e7a<\/p>\n","protected":false},"excerpt":{"rendered":"<p>O presidente Jair Bolsonaro (sem partido) voltou a disparar ataques contra o ex-ministro da Justi\u00e7a e Seguran\u00e7a P\u00fablica Sergio Moro, ao conversar com apoiadores em&hellip; <\/p>\n","protected":false},"author":2,"featured_media":172353,"comment_status":"closed","ping_status":"closed","sticky":false,"template":"","format":"standard","meta":{"sfsi_plus_gutenberg_text_before_share":"","sfsi_plus_gutenberg_show_text_before_share":"","sfsi_plus_gutenberg_icon_type":"","sfsi_plus_gutenberg_icon_alignemt":"","sfsi_plus_gutenburg_max_per_row":"","footnotes":""},"categories":[11],"tags":[],"class_list":["post-172352","post","type-post","status-publish","format-standard","has-post-thumbnail","hentry","category-politica"],"_links":{"self":[{"href":"https:\/\/www.caririemacao.com\/1\/wp-json\/wp\/v2\/posts\/172352","targetHints":{"allow":["GET"]}}],"collection":[{"href":"https:\/\/www.caririemacao.com\/1\/wp-json\/wp\/v2\/posts"}],"about":[{"href":"https:\/\/www.caririemacao.com\/1\/wp-json\/wp\/v2\/types\/post"}],"author":[{"embeddable":true,"href":"https:\/\/www.caririemacao.com\/1\/wp-json\/wp\/v2\/users\/2"}],"replies":[{"embeddable":true,"href":"https:\/\/www.caririemacao.com\/1\/wp-json\/wp\/v2\/comments?post=172352"}],"version-history":[{"count":1,"href":"https:\/\/www.caririemacao.com\/1\/wp-json\/wp\/v2\/posts\/172352\/revisions"}],"predecessor-version":[{"id":172354,"href":"https:\/\/www.caririemacao.com\/1\/wp-json\/wp\/v2\/posts\/172352\/revisions\/172354"}],"wp:featuredmedia":[{"embeddable":true,"href":"https:\/\/www.caririemacao.com\/1\/wp-json\/wp\/v2\/media\/172353"}],"wp:attachment":[{"href":"https:\/\/www.caririemacao.com\/1\/wp-json\/wp\/v2\/media?parent=172352"}],"wp:term":[{"taxonomy":"category","embeddable":true,"href":"https:\/\/www.caririemacao.com\/1\/wp-json\/wp\/v2\/categories?post=172352"},{"taxonomy":"post_tag","embeddable":true,"href":"https:\/\/www.caririemacao.com\/1\/wp-json\/wp\/v2\/tags?post=172352"}],"curies":[{"name":"wp","href":"https:\/\/api.w.org\/{rel}","templated":true}]}}