{"id":17236,"date":"2017-04-05T11:48:16","date_gmt":"2017-04-05T14:48:16","guid":{"rendered":"http:\/\/caririemacao.com\/1\/?p=17236"},"modified":"2017-04-05T11:48:16","modified_gmt":"2017-04-05T14:48:16","slug":"aesa-registra-aumento-na-vazao-da-agua-do-rio-sao-francisco-no-cariri","status":"publish","type":"post","link":"https:\/\/www.caririemacao.com\/1\/2017\/04\/05\/aesa-registra-aumento-na-vazao-da-agua-do-rio-sao-francisco-no-cariri\/","title":{"rendered":"Aesa registra aumento na vaz\u00e3o da \u00e1gua do rio S\u00e3o Francisco no Cariri"},"content":{"rendered":"<p>T\u00e9cnicos da Ag\u00eancia Executiva de Gest\u00e3o das \u00c1guas do Estado (Aesa) registraram na manh\u00e3 desta ter\u00e7a-feira (4) um aumento significativo na vaz\u00e3o da \u00e1gua do rio S\u00e3o Francisco na divisa entre Para\u00edba e Pernambuco no Cariri paraibano. A medi\u00e7\u00e3o foi feita no Portal das \u00c1guas, no munic\u00edpio de Monteiro, onde foram registrados 7.450 litros por segundo. Na semana passada entravam na Para\u00edba cerca de 3 mil litros por segundo.<\/p>\n<p>O monitoramento da vaz\u00e3o liberada pelo Minist\u00e9rio da Integra\u00e7\u00e3o Nacional \u00e9 feito diariamente pelo Governo do Estado. T\u00e9cnicos da Aesa tamb\u00e9m acompanham o deslocamento da \u00e1gua no rio Para\u00edba. \u201cAcima de sete metros c\u00fabicos por segundo n\u00f3s j\u00e1 temos um volume muito bom, mas a nossa expectativa, baseado nas conversas que tivemos com os t\u00e9cnicos do Governo Federal, \u00e9 de que a vaz\u00e3o aumente ainda mais\u201d, informou o presidente da Aesa, Jo\u00e3o Fernandes da Silva.<\/p>\n<p>O Governo do Estado tamb\u00e9m realiza fiscaliza\u00e7\u00f5es peri\u00f3dicas ao longo do curso do rio Para\u00edba. Equipes formadas por t\u00e9cnicos da Aesa, Cagepa, Sudema e Pol\u00edcia Ambiental inspecionam o percurso que ser\u00e1 feito pelas das \u00e1guas do Velho Chico at\u00e9 o a\u00e7ude Epit\u00e1cio Pessoa, na cidade de Boqueir\u00e3o. Moradores ribeirinhos s\u00e3o orientados sobre a necessidade de permitir o fluxo normal da \u00e1gua.\u00a0 Oito plataformas eletr\u00f4nicas, obtidas em parceria com a Ag\u00eancia Nacional das \u00c1guas (ANA), ser\u00e3o instaladas no curso do rio Para\u00edba para acompanhar a vaz\u00e3o das \u00e1guas do Velho Chico na Para\u00edba.<\/p>\n<p>O Projeto de Integra\u00e7\u00e3o do Rio S\u00e3o Francisco \u00e9 composto pelos eixos Leste e Norte e possui 477 quil\u00f4metros de extens\u00e3o. Com 217 quil\u00f4metros de canais, este eixo Leste foi projetado para ampliar a oferta h\u00eddrica e garantir abastecimento a cerca de 4,5 milh\u00f5es de pessoas em 168 munic\u00edpios nos estados de Pernambuco e da Para\u00edba. \u00c9 composto por seis esta\u00e7\u00f5es de bombeamento, cinco aquedutos, um t\u00fanel, uma adutora e 12 reservat\u00f3rios \u2013 estruturas que cruzam os munic\u00edpios pernambucanos de Floresta, Bet\u00e2nia, Cust\u00f3dia e Sert\u00e2nia at\u00e9 chegar a Monteiro (PB).\u00a0 Eixo Norte: com 260 quil\u00f4metros de extens\u00e3o, ele beneficiar\u00e1 munic\u00edpios nos quatro estados contemplados pelo Projeto \u2013 Cear\u00e1, Para\u00edba, Pernambuco e Rio Grande do Norte.<\/p>\n<p><strong><span style=\"font-family: 'Georgia','serif'; color: #333333;\">CARIRI EM A\u00c7\u00c3O\u00a0<\/span><\/strong><\/p>\n<p><span style=\"font-family: 'Georgia','serif'; color: #333333;\">Com G1-PB\/Foto: Reprodu\u00e7\u00e3o<\/span><\/p>\n<p><strong><span style=\"font-family: 'Georgia','serif'; color: #333333;\">Leia mais not\u00edcias em\u00a0<\/span><\/strong><a href=\"http:\/\/www.caririemacao.com\/\"><strong><span style=\"font-family: 'Georgia','serif';\">caririemacao.com<\/span><\/strong><\/a><strong><span style=\"font-family: 'Georgia','serif'; color: #333333;\">, siga nossa p\u00e1gina no<\/span><\/strong><a href=\"https:\/\/www.facebook.com\/CaririEmAcao\/\"><strong><span style=\"font-family: 'Georgia','serif';\">\u00a0Facebook<\/span><\/strong><\/a><strong><span style=\"font-family: 'Georgia','serif'; color: #333333;\">\u00a0e\u00a0<a href=\"https:\/\/www.instagram.com\/cariri_em_acao\/?hl=pt-br\">Instagram<\/a>\u00a0veja nossas mat\u00e9rias e fotos. Voc\u00ea tamb\u00e9m pode enviar informa\u00e7\u00f5es \u00e0 Reda\u00e7\u00e3o do Portal Cariri em A\u00e7\u00e3o pelo WhatsApp (83) 9 9634.5791, (83) 9 9601-1162 ou (83) 9 994189.<\/span><\/strong><\/p>\n","protected":false},"excerpt":{"rendered":"<p>T\u00e9cnicos da Ag\u00eancia Executiva de Gest\u00e3o das \u00c1guas do Estado (Aesa) registraram na manh\u00e3 desta ter\u00e7a-feira (4) um aumento significativo na vaz\u00e3o da \u00e1gua do&hellip; <\/p>\n","protected":false},"author":2,"featured_media":17237,"comment_status":"closed","ping_status":"closed","sticky":false,"template":"","format":"standard","meta":{"sfsi_plus_gutenberg_text_before_share":"","sfsi_plus_gutenberg_show_text_before_share":"","sfsi_plus_gutenberg_icon_type":"","sfsi_plus_gutenberg_icon_alignemt":"","sfsi_plus_gutenburg_max_per_row":"","footnotes":""},"categories":[2],"tags":[],"class_list":["post-17236","post","type-post","status-publish","format-standard","has-post-thumbnail","hentry","category-geral"],"_links":{"self":[{"href":"https:\/\/www.caririemacao.com\/1\/wp-json\/wp\/v2\/posts\/17236","targetHints":{"allow":["GET"]}}],"collection":[{"href":"https:\/\/www.caririemacao.com\/1\/wp-json\/wp\/v2\/posts"}],"about":[{"href":"https:\/\/www.caririemacao.com\/1\/wp-json\/wp\/v2\/types\/post"}],"author":[{"embeddable":true,"href":"https:\/\/www.caririemacao.com\/1\/wp-json\/wp\/v2\/users\/2"}],"replies":[{"embeddable":true,"href":"https:\/\/www.caririemacao.com\/1\/wp-json\/wp\/v2\/comments?post=17236"}],"version-history":[{"count":0,"href":"https:\/\/www.caririemacao.com\/1\/wp-json\/wp\/v2\/posts\/17236\/revisions"}],"wp:featuredmedia":[{"embeddable":true,"href":"https:\/\/www.caririemacao.com\/1\/wp-json\/wp\/v2\/media\/17237"}],"wp:attachment":[{"href":"https:\/\/www.caririemacao.com\/1\/wp-json\/wp\/v2\/media?parent=17236"}],"wp:term":[{"taxonomy":"category","embeddable":true,"href":"https:\/\/www.caririemacao.com\/1\/wp-json\/wp\/v2\/categories?post=17236"},{"taxonomy":"post_tag","embeddable":true,"href":"https:\/\/www.caririemacao.com\/1\/wp-json\/wp\/v2\/tags?post=17236"}],"curies":[{"name":"wp","href":"https:\/\/api.w.org\/{rel}","templated":true}]}}