{"id":172370,"date":"2020-06-01T14:45:41","date_gmt":"2020-06-01T17:45:41","guid":{"rendered":"https:\/\/www.caririemacao.com\/1\/?p=172370"},"modified":"2020-06-01T14:45:41","modified_gmt":"2020-06-01T17:45:41","slug":"crianca-de-10-anos-em-tratamento-de-cancer-se-recupera-da-covid-19-na-paraiba","status":"publish","type":"post","link":"https:\/\/www.caririemacao.com\/1\/2020\/06\/01\/crianca-de-10-anos-em-tratamento-de-cancer-se-recupera-da-covid-19-na-paraiba\/","title":{"rendered":"Crian\u00e7a de 10 anos em tratamento de c\u00e2ncer se recupera da Covid-19, na Para\u00edba"},"content":{"rendered":"\n<p>Uma crian\u00e7a de dez anos, em tratamento de c\u00e2ncer, se recuperou da Covid-19, na Para\u00edba. Anderson mora na Zona Rural da cidade de \u00c1gua Branca, no Sert\u00e3o da Para\u00edba, e em dezembro do ano passado foi diagnosticado com c\u00e2ncer. Esteve em Jo\u00e3o Pessoa para uma cirurgia, passou alguns meses internado no Hospital Napole\u00e3o Laureano, mas quando teve alta, recebeu a not\u00edcia de que havia testado positivo para a Covid-19.<\/p>\n\n\n\n<p>A m\u00e3e de Anderson, Elizabeth Ara\u00fajo, conta que no dia 30 de abril o filho recebeu alta, depois de um per\u00edodo de cinco meses nos hospitais. \u201cFicou acertado que voltar\u00edamos a cada oito dias para tomar a quimioterapia ambulatorial. No dia 12 de maio, quando voltamos para tomar a segunda dose, ele havia apresentado um pico febril no dia 8\u201d, conta a m\u00e3e.<\/p>\n\n\n\n<p>Ap\u00f3s relatar a situa\u00e7\u00e3o para as enfermeiras, foi colhido o material da crian\u00e7a para a realiza\u00e7\u00e3o do exame. Imediatamente os dois voltaram para casa para permanecer em isolamento. Quando o resultado saiu, Anderson havia testado positivo para a Covid-19. \u201cPara mim seria muito imposs\u00edvel a recupera\u00e7\u00e3o por causa da fragilidade dele, da imunidade muito baixa. Mas desde o in\u00edcio do tratamento ele foi apresentando melhoras e nos surpreendeu\u201d, relata<\/p>\n\n\n\n<p>Anderson se recuperou da Covid-19 no \u00faltimo s\u00e1bado (30), quando recebeu alta do Hospital Municipal do Valentina, em Jo\u00e3o Pessoa. \u201cVoc\u00ea que pode ficar em casa, fique em casa, porque Anderson contraiu essa doen\u00e7a e busca da sa\u00fade, da qualidade de vida. E voc\u00ea pode contrair em busca de algo que voc\u00ea pode ficar o dia sem\u201d, ressaltou a m\u00e3e.<\/p>\n\n\n\n<p><em>Com G1 PB<\/em><\/p>\n","protected":false},"excerpt":{"rendered":"<p>Uma crian\u00e7a de dez anos, em tratamento de c\u00e2ncer, se recuperou da Covid-19, na Para\u00edba. Anderson mora na Zona Rural da cidade de \u00c1gua Branca,&hellip; <\/p>\n","protected":false},"author":2,"featured_media":172371,"comment_status":"closed","ping_status":"closed","sticky":false,"template":"","format":"standard","meta":{"sfsi_plus_gutenberg_text_before_share":"","sfsi_plus_gutenberg_show_text_before_share":"","sfsi_plus_gutenberg_icon_type":"","sfsi_plus_gutenberg_icon_alignemt":"","sfsi_plus_gutenburg_max_per_row":"","footnotes":""},"categories":[2],"tags":[],"class_list":["post-172370","post","type-post","status-publish","format-standard","has-post-thumbnail","hentry","category-geral"],"_links":{"self":[{"href":"https:\/\/www.caririemacao.com\/1\/wp-json\/wp\/v2\/posts\/172370","targetHints":{"allow":["GET"]}}],"collection":[{"href":"https:\/\/www.caririemacao.com\/1\/wp-json\/wp\/v2\/posts"}],"about":[{"href":"https:\/\/www.caririemacao.com\/1\/wp-json\/wp\/v2\/types\/post"}],"author":[{"embeddable":true,"href":"https:\/\/www.caririemacao.com\/1\/wp-json\/wp\/v2\/users\/2"}],"replies":[{"embeddable":true,"href":"https:\/\/www.caririemacao.com\/1\/wp-json\/wp\/v2\/comments?post=172370"}],"version-history":[{"count":1,"href":"https:\/\/www.caririemacao.com\/1\/wp-json\/wp\/v2\/posts\/172370\/revisions"}],"predecessor-version":[{"id":172372,"href":"https:\/\/www.caririemacao.com\/1\/wp-json\/wp\/v2\/posts\/172370\/revisions\/172372"}],"wp:featuredmedia":[{"embeddable":true,"href":"https:\/\/www.caririemacao.com\/1\/wp-json\/wp\/v2\/media\/172371"}],"wp:attachment":[{"href":"https:\/\/www.caririemacao.com\/1\/wp-json\/wp\/v2\/media?parent=172370"}],"wp:term":[{"taxonomy":"category","embeddable":true,"href":"https:\/\/www.caririemacao.com\/1\/wp-json\/wp\/v2\/categories?post=172370"},{"taxonomy":"post_tag","embeddable":true,"href":"https:\/\/www.caririemacao.com\/1\/wp-json\/wp\/v2\/tags?post=172370"}],"curies":[{"name":"wp","href":"https:\/\/api.w.org\/{rel}","templated":true}]}}