{"id":172377,"date":"2020-06-01T17:15:31","date_gmt":"2020-06-01T20:15:31","guid":{"rendered":"https:\/\/www.caririemacao.com\/1\/?p=172377"},"modified":"2020-06-01T17:15:31","modified_gmt":"2020-06-01T20:15:31","slug":"governo-anuncia-plano-de-retomada-da-economia-e-prorroga-medidas-de-isolamento","status":"publish","type":"post","link":"https:\/\/www.caririemacao.com\/1\/2020\/06\/01\/governo-anuncia-plano-de-retomada-da-economia-e-prorroga-medidas-de-isolamento\/","title":{"rendered":"Governo anuncia plano de retomada da economia e prorroga medidas de isolamento"},"content":{"rendered":"\n<h1 class=\"wp-block-heading\"><\/h1>\n\n\n\n<p>O governador Jo\u00e3o Azev\u00eado e prefeitos da Grande Jo\u00e3o Pessoa\u00a0assinaram, neste s\u00e1bado (30), o decreto n\u00ba 40.289, que institui o isolamento social r\u00edgido na Capital paraibana e nos munic\u00edpios de Cabedelo, Santa Rita, Bayeux, Conde, Caapor\u00e3, Alhandra e Pitimbu.<\/p>\n\n\n\n<p>As medidas conjuntas, que visam reduzir a circula\u00e7\u00e3o de pessoas e o tr\u00e1fego de ve\u00edculos, ir\u00e3o vigorar entre os dias 1\u00ba e 14 de junho, para conter a propaga\u00e7\u00e3o da Covid-19 na regi\u00e3o que concentra 5.827 dos 12.011 casos confirmados da doen\u00e7a, at\u00e9 o momento, na Para\u00edba. (Confira a \u00edntegra do decreto).<\/p>\n\n\n\n<p>O chefe do Executivo estadual tamb\u00e9m assinou o decreto n\u00ba 40.288 que estende as medidas de isolamento social, j\u00e1 em vigor, para os demais munic\u00edpios paraibanos at\u00e9 o pr\u00f3ximo dia 14 e fixou para a primeira quinzena de junho a apresenta\u00e7\u00e3o do plano de retomada da economia, que ser\u00e1 iniciado a partir do dia 15 de junho. Os detalhes do plano ser\u00e3o apresentados amanh\u00e3, \u00e0s 18h, durante uma Live com o governador Jo\u00e3o Azev\u00eado.<\/p>\n\n\n\n<p><strong>Plano de retomada gradual da atividade econ\u00f4mica<\/strong>&nbsp;\u2013 No decreto n\u00ba 40.288, o governador Jo\u00e3o Azev\u00eado determinou que o grupo de trabalho respons\u00e1vel pela elabora\u00e7\u00e3o do plano de abertura gradual da economia, que estabelece as diretrizes para permitir o retorno das atividades econ\u00f4micas, dever\u00e1 realizar debates com a sociedade civil e com os setores produtivos do Estado para discuss\u00f5es e coleta de sugest\u00f5es sobre as medidas propostas.<img decoding=\"async\" data-src=\"https:\/\/paraibaonline.com.br\/wp-content\/uploads\/2020\/05\/unnamed-3-2-567x413.jpg\" alt=\"Foto: Secom\/PB\" data-srcset=\"https:\/\/paraibaonline.com.br\/wp-content\/uploads\/2020\/05\/unnamed-3-2-567x413.jpg 567w, https:\/\/paraibaonline.com.br\/wp-content\/uploads\/2020\/05\/unnamed-3-2-900x656.jpg 900w, https:\/\/paraibaonline.com.br\/wp-content\/uploads\/2020\/05\/unnamed-3-2.jpg 1024w\" src=\"data:image\/svg+xml;base64,PHN2ZyB3aWR0aD0iMSIgaGVpZ2h0PSIxIiB4bWxucz0iaHR0cDovL3d3dy53My5vcmcvMjAwMC9zdmciPjwvc3ZnPg==\" class=\"lazyload\" style=\"--smush-placeholder-width: 567px; --smush-placeholder-aspect-ratio: 567\/413;\"><\/p>\n\n\n\n<p>Foto: Secom\/PB<\/p>\n\n\n\n<p>A apresenta\u00e7\u00e3o do plano de abertura gradual da economia ser\u00e1 feita na primeira quinzena de junho, ocasi\u00e3o em que ser\u00e3o detalhadas as diretrizes e crit\u00e9rios estabelecidos para a retomada das atividades econ\u00f4micas, que ser\u00e1 iniciada a partir do dia 15 de junho.<\/p>\n\n\n\n<p><strong>Regi\u00e3o da Grande Jo\u00e3o Pessoa<\/strong>&nbsp;\u2013 Dentre as a\u00e7\u00f5es necess\u00e1rias para conter a evolu\u00e7\u00e3o do cont\u00e1gio pelo novo coronav\u00edrus e assegurar o atendimento integral \u00e0 popula\u00e7\u00e3o na rede de sa\u00fade, ser\u00e3o adotadas medidas de controle da circula\u00e7\u00e3o de ve\u00edculos particulares e de entrada e sa\u00edda dos munic\u00edpios, assegurando o deslocamento para atividades consideradas essenciais, como supermercados, farm\u00e1cias, unidades de sa\u00fade, ag\u00eancias banc\u00e1rias e locais de trabalho com permiss\u00e3o para funcionar.<\/p>\n\n\n\n<p>Para garantir o funcionamento das atividades essenciais, servi\u00e7os de transporte por t\u00e1xi ou ve\u00edculo disponibilizado por aplicativo circular\u00e3o normalmente, assim como os transportes de carga e ve\u00edculos relacionados \u00e0s atividades de seguran\u00e7a e sa\u00fade.<\/p>\n\n\n\n<p>Al\u00e9m disso, as pessoas comprovadamente infectadas ou com suspeita de cont\u00e1gio pela Covid-19 dever\u00e3o permanecer em isolamento obrigat\u00f3rio no domic\u00edlio, em unidade hospitalar ou em outro lugar determinado pela autoridade de sa\u00fade.<\/p>\n\n\n\n<p>As fiscaliza\u00e7\u00f5es e a\u00e7\u00f5es educativas ser\u00e3o realizadas pela Pol\u00edcia Militar, Pol\u00edcia Civil, Corpo de Bombeiros, Departamento Estadual de Tr\u00e2nsito (Detran-PB), al\u00e9m dos \u00f3rg\u00e3os municipais de tr\u00e2nsito e Guardas Municipais.<\/p>\n\n\n\n<p>Assinaram o decreto, o governador Jo\u00e3o Azev\u00eado e os prefeitos Luciano Cartaxo (Jo\u00e3o Pessoa); Emerson Panta (Santa Rita); Vitor Hugo (Cabedelo); Jefferson Kita (Bayeux); M\u00e1rcia Lucena (Conde); Leonardo Carneiro (Pitimbu); Kiko Monteiro (Caapor\u00e3); e Renato Mendes (Alhandra).<\/p>\n\n\n\n<p>Demais munic\u00edpios paraibanos \u2013 Neste s\u00e1bado, o governador Jo\u00e3o Azev\u00eado tamb\u00e9m assinou o decreto n\u00ba 40.288, que prorroga, at\u00e9 o dia 14 de junho, as medidas de isolamento social previstas no decreto n\u00ba 40.242, assegurando o funcionamento da balsa que faz a travessia Costinha\/Cabedelo\/Costinha apenas para passageiros, ficando o transporte de ve\u00edculos ainda suspenso, com exce\u00e7\u00e3o apenas para os ve\u00edculos da sa\u00fade e da seguran\u00e7a p\u00fablica.<\/p>\n\n\n\n<p>O novo decreto, que ser\u00e1 disponibilizado no Di\u00e1rio Oficial do Estado (DOE), retira a obrigatoriedade do uso de m\u00e1scaras em pessoas com Transtorno do Espectro Autista (TEA), ficando a crit\u00e9rio dos pais ou respons\u00e1veis a utiliza\u00e7\u00e3o do equipamento.<\/p>\n","protected":false},"excerpt":{"rendered":"<p>O governador Jo\u00e3o Azev\u00eado e prefeitos da Grande Jo\u00e3o Pessoa\u00a0assinaram, neste s\u00e1bado (30), o decreto n\u00ba 40.289, que institui o isolamento social r\u00edgido na Capital&hellip; <\/p>\n","protected":false},"author":2,"featured_media":172378,"comment_status":"closed","ping_status":"closed","sticky":false,"template":"","format":"standard","meta":{"sfsi_plus_gutenberg_text_before_share":"","sfsi_plus_gutenberg_show_text_before_share":"","sfsi_plus_gutenberg_icon_type":"","sfsi_plus_gutenberg_icon_alignemt":"","sfsi_plus_gutenburg_max_per_row":"","footnotes":""},"categories":[50,11],"tags":[],"class_list":["post-172377","post","type-post","status-publish","format-standard","has-post-thumbnail","hentry","category-destaque","category-politica"],"_links":{"self":[{"href":"https:\/\/www.caririemacao.com\/1\/wp-json\/wp\/v2\/posts\/172377","targetHints":{"allow":["GET"]}}],"collection":[{"href":"https:\/\/www.caririemacao.com\/1\/wp-json\/wp\/v2\/posts"}],"about":[{"href":"https:\/\/www.caririemacao.com\/1\/wp-json\/wp\/v2\/types\/post"}],"author":[{"embeddable":true,"href":"https:\/\/www.caririemacao.com\/1\/wp-json\/wp\/v2\/users\/2"}],"replies":[{"embeddable":true,"href":"https:\/\/www.caririemacao.com\/1\/wp-json\/wp\/v2\/comments?post=172377"}],"version-history":[{"count":1,"href":"https:\/\/www.caririemacao.com\/1\/wp-json\/wp\/v2\/posts\/172377\/revisions"}],"predecessor-version":[{"id":172379,"href":"https:\/\/www.caririemacao.com\/1\/wp-json\/wp\/v2\/posts\/172377\/revisions\/172379"}],"wp:featuredmedia":[{"embeddable":true,"href":"https:\/\/www.caririemacao.com\/1\/wp-json\/wp\/v2\/media\/172378"}],"wp:attachment":[{"href":"https:\/\/www.caririemacao.com\/1\/wp-json\/wp\/v2\/media?parent=172377"}],"wp:term":[{"taxonomy":"category","embeddable":true,"href":"https:\/\/www.caririemacao.com\/1\/wp-json\/wp\/v2\/categories?post=172377"},{"taxonomy":"post_tag","embeddable":true,"href":"https:\/\/www.caririemacao.com\/1\/wp-json\/wp\/v2\/tags?post=172377"}],"curies":[{"name":"wp","href":"https:\/\/api.w.org\/{rel}","templated":true}]}}