{"id":172381,"date":"2020-06-01T18:16:52","date_gmt":"2020-06-01T21:16:52","guid":{"rendered":"https:\/\/www.caririemacao.com\/1\/?p=172381"},"modified":"2020-06-01T18:16:52","modified_gmt":"2020-06-01T21:16:52","slug":"monteiro-chega-a-31-casos-nesta-segunda-confirma-nota","status":"publish","type":"post","link":"https:\/\/www.caririemacao.com\/1\/2020\/06\/01\/monteiro-chega-a-31-casos-nesta-segunda-confirma-nota\/","title":{"rendered":"Monteiro chega a 31 casos nesta segunda, confirma nota"},"content":{"rendered":"\n<p>A Secretaria Municipal de Sa\u00fade de Monteiro informou que nesta segunda-feira, 01 de junho, foram confirmados mais (06) seis novos casos de COVID &#8211; 19.<br>Confira os detalhes de cada um dos novos casos:<\/p>\n\n\n\n<p><br>\u2022 Homem, 37 anos, hipertenso;\u2022 Homem, 48 anos, diab\u00e9tico e hipertenso;\u2022 Homem, 45 anos, sem comorbidades;\u2022 Mulher, 26 anos, sem comorbidades;\u2022Homem, 26 anos, sem comorbidades;\u2022 Homem, 54 anos, sem comorbidades.<\/p>\n\n\n\n<p><br>Todos eles seguem monitorados pela Vigil\u00e2ncia em Sa\u00fade, apresentando sintomas leves da S\u00edndrome Gripal e permanecendo em isolamento domiciliar.<\/p>\n\n\n\n<p><br>Refor\u00e7amos a import\u00e2ncia de toda popula\u00e7\u00e3o seguir as orienta\u00e7\u00f5es do distanciamento social, o uso de m\u00e1scaras, a higieniza\u00e7\u00e3o das m\u00e3os com \u00e1lcool 70% e demais medidas apresentadas pela Secretaria de Sa\u00fade e definidas por decretos.<\/p>\n\n\n\n<p><br><strong>ASCOM<\/strong><\/p>\n","protected":false},"excerpt":{"rendered":"<p>A Secretaria Municipal de Sa\u00fade de Monteiro informou que nesta segunda-feira, 01 de junho, foram confirmados mais (06) seis novos casos de COVID &#8211; 19.Confira&hellip; <\/p>\n","protected":false},"author":2,"featured_media":172382,"comment_status":"closed","ping_status":"closed","sticky":false,"template":"","format":"standard","meta":{"sfsi_plus_gutenberg_text_before_share":"","sfsi_plus_gutenberg_show_text_before_share":"","sfsi_plus_gutenberg_icon_type":"","sfsi_plus_gutenberg_icon_alignemt":"","sfsi_plus_gutenburg_max_per_row":"","footnotes":""},"categories":[2],"tags":[],"class_list":["post-172381","post","type-post","status-publish","format-standard","has-post-thumbnail","hentry","category-geral"],"_links":{"self":[{"href":"https:\/\/www.caririemacao.com\/1\/wp-json\/wp\/v2\/posts\/172381","targetHints":{"allow":["GET"]}}],"collection":[{"href":"https:\/\/www.caririemacao.com\/1\/wp-json\/wp\/v2\/posts"}],"about":[{"href":"https:\/\/www.caririemacao.com\/1\/wp-json\/wp\/v2\/types\/post"}],"author":[{"embeddable":true,"href":"https:\/\/www.caririemacao.com\/1\/wp-json\/wp\/v2\/users\/2"}],"replies":[{"embeddable":true,"href":"https:\/\/www.caririemacao.com\/1\/wp-json\/wp\/v2\/comments?post=172381"}],"version-history":[{"count":1,"href":"https:\/\/www.caririemacao.com\/1\/wp-json\/wp\/v2\/posts\/172381\/revisions"}],"predecessor-version":[{"id":172383,"href":"https:\/\/www.caririemacao.com\/1\/wp-json\/wp\/v2\/posts\/172381\/revisions\/172383"}],"wp:featuredmedia":[{"embeddable":true,"href":"https:\/\/www.caririemacao.com\/1\/wp-json\/wp\/v2\/media\/172382"}],"wp:attachment":[{"href":"https:\/\/www.caririemacao.com\/1\/wp-json\/wp\/v2\/media?parent=172381"}],"wp:term":[{"taxonomy":"category","embeddable":true,"href":"https:\/\/www.caririemacao.com\/1\/wp-json\/wp\/v2\/categories?post=172381"},{"taxonomy":"post_tag","embeddable":true,"href":"https:\/\/www.caririemacao.com\/1\/wp-json\/wp\/v2\/tags?post=172381"}],"curies":[{"name":"wp","href":"https:\/\/api.w.org\/{rel}","templated":true}]}}