{"id":17239,"date":"2017-04-05T11:50:01","date_gmt":"2017-04-05T14:50:01","guid":{"rendered":"http:\/\/caririemacao.com\/1\/?p=17239"},"modified":"2017-04-05T11:58:48","modified_gmt":"2017-04-05T14:58:48","slug":"irmao-de-vereador-sofre-atentado-em-cidade-do-cariri","status":"publish","type":"post","link":"https:\/\/www.caririemacao.com\/1\/2017\/04\/05\/irmao-de-vereador-sofre-atentado-em-cidade-do-cariri\/","title":{"rendered":"Irm\u00e3o de vereador sofre atentado em cidade do Cariri"},"content":{"rendered":"<p>Um homem de 34 anos, identificado por Pipa, irm\u00e3o do vereador Jamamacio, sofreu uma tentativa de homic\u00eddio nesta ter\u00e7a-feira (4), na cidade Boqueir\u00e3o, na regi\u00e3o do Cariri.<\/p>\n<p>De acordo com informa\u00e7\u00f5es repassadas pela Pol\u00edcia Militar, a v\u00edtima estava na varanda de casa quando foi alvejada com dois disparos. Segundo a PM, o homem baleado n\u00e3o soube informar de onde partiram os disparos.<\/p>\n<p>A v\u00edtima foi socorrida consciente para o hospital de Trauma de Campina Grande.<\/p>\n<p><strong><span style=\"font-family: 'Georgia','serif'; color: #333333;\">CARIRI EM A\u00c7\u00c3O\u00a0<\/span><\/strong><\/p>\n<p><span style=\"font-family: 'Georgia','serif'; color: #333333;\">Com MaisPB\/Foto: Reprodu\u00e7\u00e3o<\/span><\/p>\n<p><strong><span style=\"font-family: 'Georgia','serif'; color: #333333;\">Leia mais not\u00edcias em\u00a0<\/span><\/strong><a href=\"http:\/\/www.caririemacao.com\/\"><strong><span style=\"font-family: 'Georgia','serif';\">caririemacao.com<\/span><\/strong><\/a><strong><span style=\"font-family: 'Georgia','serif'; color: #333333;\">, siga nossa p\u00e1gina no<\/span><\/strong><a href=\"https:\/\/www.facebook.com\/CaririEmAcao\/\"><strong><span style=\"font-family: 'Georgia','serif';\">\u00a0Facebook<\/span><\/strong><\/a><strong><span style=\"font-family: 'Georgia','serif'; color: #333333;\">\u00a0e\u00a0<a href=\"https:\/\/www.instagram.com\/cariri_em_acao\/?hl=pt-br\">Instagram<\/a>\u00a0veja nossas mat\u00e9rias e fotos. Voc\u00ea tamb\u00e9m pode enviar informa\u00e7\u00f5es \u00e0 Reda\u00e7\u00e3o do Portal Cariri em A\u00e7\u00e3o pelo WhatsApp (83) 9 9634.5791, (83) 9 9601-1162 ou (83) 9 994189.<\/span><\/strong><\/p>\n","protected":false},"excerpt":{"rendered":"<p>Um homem de 34 anos, identificado por Pipa, irm\u00e3o do vereador Jamamacio, sofreu uma tentativa de homic\u00eddio nesta ter\u00e7a-feira (4), na cidade Boqueir\u00e3o, na regi\u00e3o&hellip; <\/p>\n","protected":false},"author":2,"featured_media":15697,"comment_status":"closed","ping_status":"closed","sticky":false,"template":"","format":"standard","meta":{"sfsi_plus_gutenberg_text_before_share":"","sfsi_plus_gutenberg_show_text_before_share":"","sfsi_plus_gutenberg_icon_type":"","sfsi_plus_gutenberg_icon_alignemt":"","sfsi_plus_gutenburg_max_per_row":"","footnotes":""},"categories":[12],"tags":[],"class_list":["post-17239","post","type-post","status-publish","format-standard","has-post-thumbnail","hentry","category-policia"],"_links":{"self":[{"href":"https:\/\/www.caririemacao.com\/1\/wp-json\/wp\/v2\/posts\/17239","targetHints":{"allow":["GET"]}}],"collection":[{"href":"https:\/\/www.caririemacao.com\/1\/wp-json\/wp\/v2\/posts"}],"about":[{"href":"https:\/\/www.caririemacao.com\/1\/wp-json\/wp\/v2\/types\/post"}],"author":[{"embeddable":true,"href":"https:\/\/www.caririemacao.com\/1\/wp-json\/wp\/v2\/users\/2"}],"replies":[{"embeddable":true,"href":"https:\/\/www.caririemacao.com\/1\/wp-json\/wp\/v2\/comments?post=17239"}],"version-history":[{"count":0,"href":"https:\/\/www.caririemacao.com\/1\/wp-json\/wp\/v2\/posts\/17239\/revisions"}],"wp:featuredmedia":[{"embeddable":true,"href":"https:\/\/www.caririemacao.com\/1\/wp-json\/wp\/v2\/media\/15697"}],"wp:attachment":[{"href":"https:\/\/www.caririemacao.com\/1\/wp-json\/wp\/v2\/media?parent=17239"}],"wp:term":[{"taxonomy":"category","embeddable":true,"href":"https:\/\/www.caririemacao.com\/1\/wp-json\/wp\/v2\/categories?post=17239"},{"taxonomy":"post_tag","embeddable":true,"href":"https:\/\/www.caririemacao.com\/1\/wp-json\/wp\/v2\/tags?post=17239"}],"curies":[{"name":"wp","href":"https:\/\/api.w.org\/{rel}","templated":true}]}}