{"id":172390,"date":"2020-06-02T06:16:05","date_gmt":"2020-06-02T09:16:05","guid":{"rendered":"https:\/\/www.caririemacao.com\/1\/?p=172390"},"modified":"2020-06-02T06:16:05","modified_gmt":"2020-06-02T09:16:05","slug":"saiba-quem-vai-ter-que-devolver-o-auxilio-de-r600-em-2021","status":"publish","type":"post","link":"https:\/\/www.caririemacao.com\/1\/2020\/06\/02\/saiba-quem-vai-ter-que-devolver-o-auxilio-de-r600-em-2021\/","title":{"rendered":"SAIBA quem vai ter que DEVOLVER o aux\u00edlio de R$600 em 2021"},"content":{"rendered":"\n<h1 class=\"wp-block-heading\"><\/h1>\n\n\n\n<p>Uma altera\u00e7\u00e3o na lei do aux\u00edlio de R$ 600 pode fazer do dinheiro apenas um empr\u00e9stimo para os benefici\u00e1rios que se recuperarem financeiramente ao longo do ano.<\/p>\n\n\n\n<p>Devido a uma mudan\u00e7a feita pelo Senado e sancionada pelo presidente Jair Bolsonaro, quem receber ao longo de 2020 mais que o limite de isen\u00e7\u00e3o do Imposto de Renda ter\u00e1 que devolver integralmente no ano que vem o aux\u00edlio que recebeu. Lembrando que, as parcelas do aux\u00edlio n\u00e3o s\u00e3o calculadas na renda anual.<\/p>\n\n\n\n<h2 class=\"wp-block-heading\">A Ideia era compensar outra altera\u00e7\u00e3o<\/h2>\n\n\n\n<p>A lei do aux\u00edlio emergencial n\u00e3o permite que quem tenha recebido mais que R$ 28.559,70 em 2018 receba o recurso. Portanto, isso exclui pessoas que tinham certa renda h\u00e1 dois anos, mas que precisam da ajuda do governo na crise atual.<\/p>\n\n\n\n<p>Por\u00e9m, depois que a primeira parcela do aux\u00edlio de R$ 600 j\u00e1 estava sendo paga, C\u00e2mara e Senado aprovaram um projeto que acabava com esse crit\u00e9rio. Em compensa\u00e7\u00e3o, foi adicionada a obriga\u00e7\u00e3o de devolver o aux\u00edlio se a pessoa terminar 2020 com renda acima do limite de isen\u00e7\u00e3o do IR.<\/p>\n\n\n\n<p>De acordo com o senador Esperidi\u00e3o Amin (PP-SC), relator do texto final, um acordo havia sido feito com o governo para aprovar as duas altera\u00e7\u00f5es, que juntas formariam um crit\u00e9rio mais justo para analisar quem tem direito \u00e0s parcelas de R$ 600 (ou R$ 1.200 para mulheres chefe de fam\u00edlia).<\/p>\n","protected":false},"excerpt":{"rendered":"<p>Uma altera\u00e7\u00e3o na lei do aux\u00edlio de R$ 600 pode fazer do dinheiro apenas um empr\u00e9stimo para os benefici\u00e1rios que se recuperarem financeiramente ao longo&hellip; <\/p>\n","protected":false},"author":2,"featured_media":172226,"comment_status":"closed","ping_status":"closed","sticky":false,"template":"","format":"standard","meta":{"sfsi_plus_gutenberg_text_before_share":"","sfsi_plus_gutenberg_show_text_before_share":"","sfsi_plus_gutenberg_icon_type":"","sfsi_plus_gutenberg_icon_alignemt":"","sfsi_plus_gutenburg_max_per_row":"","footnotes":""},"categories":[50,2],"tags":[],"class_list":["post-172390","post","type-post","status-publish","format-standard","has-post-thumbnail","hentry","category-destaque","category-geral"],"_links":{"self":[{"href":"https:\/\/www.caririemacao.com\/1\/wp-json\/wp\/v2\/posts\/172390","targetHints":{"allow":["GET"]}}],"collection":[{"href":"https:\/\/www.caririemacao.com\/1\/wp-json\/wp\/v2\/posts"}],"about":[{"href":"https:\/\/www.caririemacao.com\/1\/wp-json\/wp\/v2\/types\/post"}],"author":[{"embeddable":true,"href":"https:\/\/www.caririemacao.com\/1\/wp-json\/wp\/v2\/users\/2"}],"replies":[{"embeddable":true,"href":"https:\/\/www.caririemacao.com\/1\/wp-json\/wp\/v2\/comments?post=172390"}],"version-history":[{"count":1,"href":"https:\/\/www.caririemacao.com\/1\/wp-json\/wp\/v2\/posts\/172390\/revisions"}],"predecessor-version":[{"id":172391,"href":"https:\/\/www.caririemacao.com\/1\/wp-json\/wp\/v2\/posts\/172390\/revisions\/172391"}],"wp:featuredmedia":[{"embeddable":true,"href":"https:\/\/www.caririemacao.com\/1\/wp-json\/wp\/v2\/media\/172226"}],"wp:attachment":[{"href":"https:\/\/www.caririemacao.com\/1\/wp-json\/wp\/v2\/media?parent=172390"}],"wp:term":[{"taxonomy":"category","embeddable":true,"href":"https:\/\/www.caririemacao.com\/1\/wp-json\/wp\/v2\/categories?post=172390"},{"taxonomy":"post_tag","embeddable":true,"href":"https:\/\/www.caririemacao.com\/1\/wp-json\/wp\/v2\/tags?post=172390"}],"curies":[{"name":"wp","href":"https:\/\/api.w.org\/{rel}","templated":true}]}}