{"id":172400,"date":"2020-06-02T06:39:01","date_gmt":"2020-06-02T09:39:01","guid":{"rendered":"https:\/\/www.caririemacao.com\/1\/?p=172400"},"modified":"2020-06-02T06:39:01","modified_gmt":"2020-06-02T09:39:01","slug":"sume-registra-mais-2-casos-confirmados-e-2-recuperados","status":"publish","type":"post","link":"https:\/\/www.caririemacao.com\/1\/2020\/06\/02\/sume-registra-mais-2-casos-confirmados-e-2-recuperados\/","title":{"rendered":"Sum\u00e9 registra mais 2 casos confirmados e 2 recuperados"},"content":{"rendered":"\n<h1 class=\"wp-block-heading\"><\/h1>\n\n\n\n<p>A Prefeitura de Sum\u00e9, por meio da Secretaria Municipal de Sa\u00fade, informa que nessa segunda-feira (01\/06), mais dois casos testaram positivos para o coronav\u00edrus no munic\u00edpio.<\/p>\n\n\n\n<p>Trata-se de dois homens, de 36 anos, sem comorbidades.<\/p>\n\n\n\n<div class=\"wp-block-image\"><figure class=\"aligncenter\"><a href=\"http:\/\/noticiasemdestaque.com\/cd\/wp-content\/uploads\/2020\/06\/100581762_1601904943305425_165318187485757440_n.jpg\"><img decoding=\"async\" data-src=\"http:\/\/noticiasemdestaque.com\/cd\/wp-content\/uploads\/2020\/06\/100581762_1601904943305425_165318187485757440_n.jpg\" alt=\"\" class=\"wp-image-25131 lazyload\" src=\"data:image\/svg+xml;base64,PHN2ZyB3aWR0aD0iMSIgaGVpZ2h0PSIxIiB4bWxucz0iaHR0cDovL3d3dy53My5vcmcvMjAwMC9zdmciPjwvc3ZnPg==\" \/><\/a><\/figure><\/div>\n\n\n\n<p>Com o resultado de hoje, Sum\u00e9 j\u00e1 contabiliza 19 casos de coronav\u00edrus confirmados e 2 recuperados.<\/p>\n\n\n\n<p>A gest\u00e3o municipal lembra que a melhor forma de preven\u00e7\u00e3o \u00e9 evitar aglomera\u00e7\u00f5es e principalmente ficar em casa.<\/p>\n","protected":false},"excerpt":{"rendered":"<p>A Prefeitura de Sum\u00e9, por meio da Secretaria Municipal de Sa\u00fade, informa que nessa segunda-feira (01\/06), mais dois casos testaram positivos para o coronav\u00edrus no&hellip; <\/p>\n","protected":false},"author":2,"featured_media":172402,"comment_status":"closed","ping_status":"closed","sticky":false,"template":"","format":"standard","meta":{"sfsi_plus_gutenberg_text_before_share":"","sfsi_plus_gutenberg_show_text_before_share":"","sfsi_plus_gutenberg_icon_type":"","sfsi_plus_gutenberg_icon_alignemt":"","sfsi_plus_gutenburg_max_per_row":"","footnotes":""},"categories":[2],"tags":[],"class_list":["post-172400","post","type-post","status-publish","format-standard","has-post-thumbnail","hentry","category-geral"],"_links":{"self":[{"href":"https:\/\/www.caririemacao.com\/1\/wp-json\/wp\/v2\/posts\/172400","targetHints":{"allow":["GET"]}}],"collection":[{"href":"https:\/\/www.caririemacao.com\/1\/wp-json\/wp\/v2\/posts"}],"about":[{"href":"https:\/\/www.caririemacao.com\/1\/wp-json\/wp\/v2\/types\/post"}],"author":[{"embeddable":true,"href":"https:\/\/www.caririemacao.com\/1\/wp-json\/wp\/v2\/users\/2"}],"replies":[{"embeddable":true,"href":"https:\/\/www.caririemacao.com\/1\/wp-json\/wp\/v2\/comments?post=172400"}],"version-history":[{"count":1,"href":"https:\/\/www.caririemacao.com\/1\/wp-json\/wp\/v2\/posts\/172400\/revisions"}],"predecessor-version":[{"id":172403,"href":"https:\/\/www.caririemacao.com\/1\/wp-json\/wp\/v2\/posts\/172400\/revisions\/172403"}],"wp:featuredmedia":[{"embeddable":true,"href":"https:\/\/www.caririemacao.com\/1\/wp-json\/wp\/v2\/media\/172402"}],"wp:attachment":[{"href":"https:\/\/www.caririemacao.com\/1\/wp-json\/wp\/v2\/media?parent=172400"}],"wp:term":[{"taxonomy":"category","embeddable":true,"href":"https:\/\/www.caririemacao.com\/1\/wp-json\/wp\/v2\/categories?post=172400"},{"taxonomy":"post_tag","embeddable":true,"href":"https:\/\/www.caririemacao.com\/1\/wp-json\/wp\/v2\/tags?post=172400"}],"curies":[{"name":"wp","href":"https:\/\/api.w.org\/{rel}","templated":true}]}}