{"id":172409,"date":"2020-06-02T06:44:09","date_gmt":"2020-06-02T09:44:09","guid":{"rendered":"https:\/\/www.caririemacao.com\/1\/?p=172409"},"modified":"2020-06-02T06:44:09","modified_gmt":"2020-06-02T09:44:09","slug":"sao-joao-do-cariri-registra-7-novos-casos-do-coronavirus","status":"publish","type":"post","link":"https:\/\/www.caririemacao.com\/1\/2020\/06\/02\/sao-joao-do-cariri-registra-7-novos-casos-do-coronavirus\/","title":{"rendered":"S\u00e3o Jo\u00e3o do Cariri registra 7 novos casos do coronav\u00edrus"},"content":{"rendered":"\n<h1 class=\"wp-block-heading\"><\/h1>\n\n\n\n<p>A Secretaria Municipal de Sa\u00fade de S\u00e3o Jo\u00e3o do Cariri\/PB, atualiza informa\u00e7\u00f5es relacionadas ao COVID 19. Nesta segunda-feira foram feitos novos testes e tivemos mais 07 casos confirmados.<\/p>\n\n\n\n<p>O caso confirmado anteriormente e curado \u00e9 de um paciente que n\u00e3o reside no munic\u00edpio, mas seu cart\u00e3o SUS permanece com endere\u00e7o de S\u00e3o Jo\u00e3o do Cariri, sendo assim, automaticamente os dados s\u00e3o contabilizados para este endere\u00e7o.<\/p>\n","protected":false},"excerpt":{"rendered":"<p>A Secretaria Municipal de Sa\u00fade de S\u00e3o Jo\u00e3o do Cariri\/PB, atualiza informa\u00e7\u00f5es relacionadas ao COVID 19. Nesta segunda-feira foram feitos novos testes e tivemos mais&hellip; <\/p>\n","protected":false},"author":2,"featured_media":172410,"comment_status":"closed","ping_status":"closed","sticky":false,"template":"","format":"standard","meta":{"sfsi_plus_gutenberg_text_before_share":"","sfsi_plus_gutenberg_show_text_before_share":"","sfsi_plus_gutenberg_icon_type":"","sfsi_plus_gutenberg_icon_alignemt":"","sfsi_plus_gutenburg_max_per_row":"","footnotes":""},"categories":[2],"tags":[],"class_list":["post-172409","post","type-post","status-publish","format-standard","has-post-thumbnail","hentry","category-geral"],"_links":{"self":[{"href":"https:\/\/www.caririemacao.com\/1\/wp-json\/wp\/v2\/posts\/172409","targetHints":{"allow":["GET"]}}],"collection":[{"href":"https:\/\/www.caririemacao.com\/1\/wp-json\/wp\/v2\/posts"}],"about":[{"href":"https:\/\/www.caririemacao.com\/1\/wp-json\/wp\/v2\/types\/post"}],"author":[{"embeddable":true,"href":"https:\/\/www.caririemacao.com\/1\/wp-json\/wp\/v2\/users\/2"}],"replies":[{"embeddable":true,"href":"https:\/\/www.caririemacao.com\/1\/wp-json\/wp\/v2\/comments?post=172409"}],"version-history":[{"count":1,"href":"https:\/\/www.caririemacao.com\/1\/wp-json\/wp\/v2\/posts\/172409\/revisions"}],"predecessor-version":[{"id":172411,"href":"https:\/\/www.caririemacao.com\/1\/wp-json\/wp\/v2\/posts\/172409\/revisions\/172411"}],"wp:featuredmedia":[{"embeddable":true,"href":"https:\/\/www.caririemacao.com\/1\/wp-json\/wp\/v2\/media\/172410"}],"wp:attachment":[{"href":"https:\/\/www.caririemacao.com\/1\/wp-json\/wp\/v2\/media?parent=172409"}],"wp:term":[{"taxonomy":"category","embeddable":true,"href":"https:\/\/www.caririemacao.com\/1\/wp-json\/wp\/v2\/categories?post=172409"},{"taxonomy":"post_tag","embeddable":true,"href":"https:\/\/www.caririemacao.com\/1\/wp-json\/wp\/v2\/tags?post=172409"}],"curies":[{"name":"wp","href":"https:\/\/api.w.org\/{rel}","templated":true}]}}