{"id":17241,"date":"2017-04-05T11:52:59","date_gmt":"2017-04-05T14:52:59","guid":{"rendered":"http:\/\/caririemacao.com\/1\/?p=17241"},"modified":"2017-04-05T11:52:59","modified_gmt":"2017-04-05T14:52:59","slug":"veneziano-cobra-que-maranhao-sustente-candidatura-a-bola-esta-em-seus-pes","status":"publish","type":"post","link":"https:\/\/www.caririemacao.com\/1\/2017\/04\/05\/veneziano-cobra-que-maranhao-sustente-candidatura-a-bola-esta-em-seus-pes\/","title":{"rendered":"Veneziano cobra que Maranh\u00e3o sustente candidatura: \u201cA bola est\u00e1 em seus p\u00e9s\u201d"},"content":{"rendered":"<p>O deputado federal Veneziano Vital do R\u00eago (PMDB) exigiu, na noite desta segunda-feira (3), que o senador Jos\u00e9 Maranh\u00e3o sustente o\u00a0 seu nome para disputar o governo estadual nas elei\u00e7\u00f5es 2018.<\/p>\n<p>Veneziano disse que agora o rumo do\u00a0 PMDB depender\u00e1 do presidente estadual da sigla que j\u00e1 se colocou como uma op\u00e7\u00e3o para o pleito.<\/p>\n<p>\u201cSe o governador Maranh\u00e3o \u00e9 o nome com todos os seus valores predicado e experi\u00eancia de tr\u00eas mandatos, agora a bola est\u00e1 nos seus p\u00e9s. Cabe a ele se mostrar como efetivamente candidato\u201d, afirmou.<\/p>\n<p>De acordo com Veneziano, caso a legenda n\u00e3o apresente candidatura pr\u00f3pria ele seguir\u00e1 a escolha peemedebista de 2014: apoiar o PSB, do governador Ricardo Coutinho.<\/p>\n<p>\u201cA\u00ed eu tenho minha opini\u00e3o que \u00e9 continuar compondo com o PSB porque foi isso que o PMDB majoritariamente decidiu, mas respeitando todas as opini\u00f5es\u201d, destacou.<\/p>\n<p>Veneziano lembrou de outras oportunidades em que teve candidaturas preteridas\u00a0 e afastou a possibilidade de assumir uma cabe\u00e7a de chapa.<\/p>\n<p>\u201cEu j\u00e1 disse que n\u00e3o lembrem do meu nome pois n\u00e3o vou passar novamente pelo vexame que passei tendo visto companheiros puxando o meu tapete. Esse momento eu n\u00e3o vou repetir\u201d, argumentou.<\/p>\n<p><strong><span style=\"font-family: 'Georgia','serif'; color: #333333;\">CARIRI EM A\u00c7\u00c3O\u00a0<\/span><\/strong><\/p>\n<p><span style=\"font-family: 'Georgia','serif'; color: #333333;\">Com Mais PB\/Foto: Reprodu\u00e7\u00e3o<\/span><\/p>\n<p><strong><span style=\"font-family: 'Georgia','serif'; color: #333333;\">Leia mais not\u00edcias em\u00a0<\/span><\/strong><a href=\"http:\/\/www.caririemacao.com\/\"><strong><span style=\"font-family: 'Georgia','serif';\">caririemacao.com<\/span><\/strong><\/a><strong><span style=\"font-family: 'Georgia','serif'; color: #333333;\">, siga nossa p\u00e1gina no<\/span><\/strong><a href=\"https:\/\/www.facebook.com\/CaririEmAcao\/\"><strong><span style=\"font-family: 'Georgia','serif';\">\u00a0Facebook<\/span><\/strong><\/a><strong><span style=\"font-family: 'Georgia','serif'; color: #333333;\">\u00a0e\u00a0<a href=\"https:\/\/www.instagram.com\/cariri_em_acao\/?hl=pt-br\">Instagram<\/a>\u00a0veja nossas mat\u00e9rias e fotos. Voc\u00ea tamb\u00e9m pode enviar informa\u00e7\u00f5es \u00e0 Reda\u00e7\u00e3o do Portal Cariri em A\u00e7\u00e3o pelo WhatsApp (83) 9 9634.5791, (83) 9 9601-1162 ou (83) 9 994189.<\/span><\/strong><\/p>\n","protected":false},"excerpt":{"rendered":"<p>O deputado federal Veneziano Vital do R\u00eago (PMDB) exigiu, na noite desta segunda-feira (3), que o senador Jos\u00e9 Maranh\u00e3o sustente o\u00a0 seu nome para disputar&hellip; <\/p>\n","protected":false},"author":2,"featured_media":17242,"comment_status":"closed","ping_status":"closed","sticky":false,"template":"","format":"standard","meta":{"sfsi_plus_gutenberg_text_before_share":"","sfsi_plus_gutenberg_show_text_before_share":"","sfsi_plus_gutenberg_icon_type":"","sfsi_plus_gutenberg_icon_alignemt":"","sfsi_plus_gutenburg_max_per_row":"","footnotes":""},"categories":[11],"tags":[],"class_list":["post-17241","post","type-post","status-publish","format-standard","has-post-thumbnail","hentry","category-politica"],"_links":{"self":[{"href":"https:\/\/www.caririemacao.com\/1\/wp-json\/wp\/v2\/posts\/17241","targetHints":{"allow":["GET"]}}],"collection":[{"href":"https:\/\/www.caririemacao.com\/1\/wp-json\/wp\/v2\/posts"}],"about":[{"href":"https:\/\/www.caririemacao.com\/1\/wp-json\/wp\/v2\/types\/post"}],"author":[{"embeddable":true,"href":"https:\/\/www.caririemacao.com\/1\/wp-json\/wp\/v2\/users\/2"}],"replies":[{"embeddable":true,"href":"https:\/\/www.caririemacao.com\/1\/wp-json\/wp\/v2\/comments?post=17241"}],"version-history":[{"count":0,"href":"https:\/\/www.caririemacao.com\/1\/wp-json\/wp\/v2\/posts\/17241\/revisions"}],"wp:featuredmedia":[{"embeddable":true,"href":"https:\/\/www.caririemacao.com\/1\/wp-json\/wp\/v2\/media\/17242"}],"wp:attachment":[{"href":"https:\/\/www.caririemacao.com\/1\/wp-json\/wp\/v2\/media?parent=17241"}],"wp:term":[{"taxonomy":"category","embeddable":true,"href":"https:\/\/www.caririemacao.com\/1\/wp-json\/wp\/v2\/categories?post=17241"},{"taxonomy":"post_tag","embeddable":true,"href":"https:\/\/www.caririemacao.com\/1\/wp-json\/wp\/v2\/tags?post=17241"}],"curies":[{"name":"wp","href":"https:\/\/api.w.org\/{rel}","templated":true}]}}