{"id":172414,"date":"2020-06-02T06:51:16","date_gmt":"2020-06-02T09:51:16","guid":{"rendered":"https:\/\/www.caririemacao.com\/1\/?p=172414"},"modified":"2020-06-02T06:51:16","modified_gmt":"2020-06-02T09:51:16","slug":"medico-defende-tratamento-precoce-da-covid-19-resultados-sao-espetaculares","status":"publish","type":"post","link":"https:\/\/www.caririemacao.com\/1\/2020\/06\/02\/medico-defende-tratamento-precoce-da-covid-19-resultados-sao-espetaculares\/","title":{"rendered":"M\u00e9dico defende tratamento precoce da Covid-19: \u201cresultados s\u00e3o espetaculares\u201d"},"content":{"rendered":"\n<h1 class=\"wp-block-heading\"><\/h1>\n\n\n\n<p>O m\u00e9dico Francisco de Assis afirmou que cerca de 172 m\u00e9dicos j\u00e1 concordaram em assinar uma carta que pede que os pacientes sintom\u00e1ticos da Covid-19 sejam tratados desde os tr\u00eas primeiros dias com medicamentos apropriados.<\/p>\n\n\n\n<p>Ele considerou que o uso dos medicamentos certos de forma precoce pode reverter o quadro do paciente e evitar que o mesmo seja submetido a uma interna\u00e7\u00e3o.<\/p>\n\n\n\n<p>Segundo Francisco, \u00e9 poss\u00edvel reduzir a zero o n\u00famero de interna\u00e7\u00f5es caso os medicamentos corretos sejam administrados a partir dos tr\u00eas primeiros dias dos sintomas da Covid-19.<\/p>\n\n\n\n<p>Ele frisou que tratou cerca de 1.500 pacientes com Covid-19 de&nbsp;<a href=\"https:\/\/paraibaonline.com.br\/2020\/06\/medicos-da-pb-solicitam-implantacao-de-protocolo-de-tratamento-precoce-da-covid-19\/\">forma precoce e nenhum deles foi internado ou teve o quadro agravado<\/a>.<\/p>\n\n\n\n<p>\u2013 Os resultados s\u00e3o espetaculares. N\u00e3o existe pol\u00edtica nisso, existe resultado e n\u00e3o se pode questionar uma coisa chamada resultado. S\u00e3o medica\u00e7\u00f5es que t\u00eam o objetivo de diminuir a quantidade de v\u00edrus e melhorar o sistema imunol\u00f3gico do paciente. O projeto iniciou ontem, onde eu e um grupo de m\u00e9dicos queremos mostrar para a popula\u00e7\u00e3o e aos gestores que existe como reverter a situa\u00e7\u00e3o atual com grande mortalidade \u2013 disse.<\/p>\n","protected":false},"excerpt":{"rendered":"<p>O m\u00e9dico Francisco de Assis afirmou que cerca de 172 m\u00e9dicos j\u00e1 concordaram em assinar uma carta que pede que os pacientes sintom\u00e1ticos da Covid-19&hellip; <\/p>\n","protected":false},"author":2,"featured_media":172415,"comment_status":"closed","ping_status":"closed","sticky":false,"template":"","format":"standard","meta":{"sfsi_plus_gutenberg_text_before_share":"","sfsi_plus_gutenberg_show_text_before_share":"","sfsi_plus_gutenberg_icon_type":"","sfsi_plus_gutenberg_icon_alignemt":"","sfsi_plus_gutenburg_max_per_row":"","footnotes":""},"categories":[2],"tags":[],"class_list":["post-172414","post","type-post","status-publish","format-standard","has-post-thumbnail","hentry","category-geral"],"_links":{"self":[{"href":"https:\/\/www.caririemacao.com\/1\/wp-json\/wp\/v2\/posts\/172414","targetHints":{"allow":["GET"]}}],"collection":[{"href":"https:\/\/www.caririemacao.com\/1\/wp-json\/wp\/v2\/posts"}],"about":[{"href":"https:\/\/www.caririemacao.com\/1\/wp-json\/wp\/v2\/types\/post"}],"author":[{"embeddable":true,"href":"https:\/\/www.caririemacao.com\/1\/wp-json\/wp\/v2\/users\/2"}],"replies":[{"embeddable":true,"href":"https:\/\/www.caririemacao.com\/1\/wp-json\/wp\/v2\/comments?post=172414"}],"version-history":[{"count":1,"href":"https:\/\/www.caririemacao.com\/1\/wp-json\/wp\/v2\/posts\/172414\/revisions"}],"predecessor-version":[{"id":172416,"href":"https:\/\/www.caririemacao.com\/1\/wp-json\/wp\/v2\/posts\/172414\/revisions\/172416"}],"wp:featuredmedia":[{"embeddable":true,"href":"https:\/\/www.caririemacao.com\/1\/wp-json\/wp\/v2\/media\/172415"}],"wp:attachment":[{"href":"https:\/\/www.caririemacao.com\/1\/wp-json\/wp\/v2\/media?parent=172414"}],"wp:term":[{"taxonomy":"category","embeddable":true,"href":"https:\/\/www.caririemacao.com\/1\/wp-json\/wp\/v2\/categories?post=172414"},{"taxonomy":"post_tag","embeddable":true,"href":"https:\/\/www.caririemacao.com\/1\/wp-json\/wp\/v2\/tags?post=172414"}],"curies":[{"name":"wp","href":"https:\/\/api.w.org\/{rel}","templated":true}]}}