{"id":172418,"date":"2020-06-02T06:54:25","date_gmt":"2020-06-02T09:54:25","guid":{"rendered":"https:\/\/www.caririemacao.com\/1\/?p=172418"},"modified":"2020-06-02T06:54:25","modified_gmt":"2020-06-02T09:54:25","slug":"alerta-da-oms-brasil-ainda-nao-chegou-ao-pior-da-pandemia","status":"publish","type":"post","link":"https:\/\/www.caririemacao.com\/1\/2020\/06\/02\/alerta-da-oms-brasil-ainda-nao-chegou-ao-pior-da-pandemia\/","title":{"rendered":"Alerta da OMS: Brasil ainda n\u00e3o chegou ao pior da pandemia"},"content":{"rendered":"\n<h1 class=\"wp-block-heading\"><\/h1>\n\n\n\n<p>Segundo ele, o Brasil \u2013 entre outros pa\u00edses da Am\u00e9rica Central e do Sul \u2013 est\u00e1 entre os que t\u00eam registrado os maiores aumentos di\u00e1rios de casos da doen\u00e7a, com transmiss\u00e3o ainda fora de controle.<\/p>\n\n\n\n<p>\u201cClaramente a situa\u00e7\u00e3o em alguns pa\u00edses sul-americanos est\u00e1 longe da estabilidade. Houve um crescimento r\u00e1pido dos casos e os sistemas de sa\u00fade est\u00e3o sob press\u00e3o\u201d, disse Ryan.<\/p>\n\n\n\n<p>Segundo ele, o pico do cont\u00e1gio ainda n\u00e3o chegou, \u201ce no momento n\u00e3o \u00e9 poss\u00edvel prever quando chegar\u00e1\u201d.<\/p>\n\n\n\n<p>At\u00e9 domingo (31), o Brasil tinha 514.849 casos confirmados de coronav\u00edrus e 29.314 mortes, com 480 novos mortos nas 24 horas anteriores.<\/p>\n\n\n\n<p>\u00c9 o segundo pa\u00eds com maior n\u00famero de casos no mundo, depois dos EUA, e o quarto em n\u00famero de mortes, atr\u00e1s de EUA, Reino Unido e It\u00e1lia.<\/p>\n\n\n\n<p>Em rela\u00e7\u00e3o \u00e0 popula\u00e7\u00e3o, o Brasil era no domingo o 13\u00ba no mundo, com 13,8 mortes por 100 mil habitantes.<\/p>\n\n\n\n<p>Nos c\u00e1lculos semanais feitos pelo Imperial College de Londres, a taxa de cont\u00e1gio brasileira est\u00e1 h\u00e1 pelo menos cinco semanas acima de 1 \u2013 o que significa que a transmiss\u00e3o est\u00e1 se acelerando.<\/p>\n\n\n\n<p>O diretor-executivo da OMS afirmou que a densidade urbana e o grande n\u00famero de pessoas mais pobres na cidade s\u00e3o fatores que dificultam o risco da doen\u00e7a, mas que pol\u00edticas p\u00fablicas implantadas no sul da \u00c1sia e na \u00c1frica conseguiram estabilizar a gravidade da doen\u00e7a, enquanto no Brasil e em outros pa\u00edses latino-americanos ela ainda cresce com velocidade progressiva e amea\u00e7a os sistemas de sa\u00fade.<\/p>\n\n\n\n<p>Segundo ele, nas Am\u00e9ricas, \u201chouve respostas diferentes entre os pa\u00edses, e h\u00e1 bons exemplos de governos que adotaram abordagens cient\u00edficas, enquanto em outros pa\u00edses vemos uma aus\u00eancia ou uma fraqueza nisso\u201d.<\/p>\n\n\n\n<p>\u201cO que precisamos agora \u00e9 mostrar nossa solidariedade e trabalhar com esses pa\u00edses para que eles consigam controlar a epidemia\u201d, disse Ryan.<\/p>\n\n\n\n<p>Os especialistas da OMS voltaram a dizer que decis\u00f5es de desconfinamento devem ser acompanhadas de um sistema para testar casos suspeitos, rastrear contatos, tratar doentes e isolar os que possam ter o coronav\u00edrus para impedir que contagiem outras pessoas.<\/p>\n","protected":false},"excerpt":{"rendered":"<p>Segundo ele, o Brasil \u2013 entre outros pa\u00edses da Am\u00e9rica Central e do Sul \u2013 est\u00e1 entre os que t\u00eam registrado os maiores aumentos di\u00e1rios&hellip; <\/p>\n","protected":false},"author":2,"featured_media":172419,"comment_status":"closed","ping_status":"closed","sticky":false,"template":"","format":"standard","meta":{"sfsi_plus_gutenberg_text_before_share":"","sfsi_plus_gutenberg_show_text_before_share":"","sfsi_plus_gutenberg_icon_type":"","sfsi_plus_gutenberg_icon_alignemt":"","sfsi_plus_gutenburg_max_per_row":"","footnotes":""},"categories":[50,2],"tags":[],"class_list":["post-172418","post","type-post","status-publish","format-standard","has-post-thumbnail","hentry","category-destaque","category-geral"],"_links":{"self":[{"href":"https:\/\/www.caririemacao.com\/1\/wp-json\/wp\/v2\/posts\/172418","targetHints":{"allow":["GET"]}}],"collection":[{"href":"https:\/\/www.caririemacao.com\/1\/wp-json\/wp\/v2\/posts"}],"about":[{"href":"https:\/\/www.caririemacao.com\/1\/wp-json\/wp\/v2\/types\/post"}],"author":[{"embeddable":true,"href":"https:\/\/www.caririemacao.com\/1\/wp-json\/wp\/v2\/users\/2"}],"replies":[{"embeddable":true,"href":"https:\/\/www.caririemacao.com\/1\/wp-json\/wp\/v2\/comments?post=172418"}],"version-history":[{"count":1,"href":"https:\/\/www.caririemacao.com\/1\/wp-json\/wp\/v2\/posts\/172418\/revisions"}],"predecessor-version":[{"id":172420,"href":"https:\/\/www.caririemacao.com\/1\/wp-json\/wp\/v2\/posts\/172418\/revisions\/172420"}],"wp:featuredmedia":[{"embeddable":true,"href":"https:\/\/www.caririemacao.com\/1\/wp-json\/wp\/v2\/media\/172419"}],"wp:attachment":[{"href":"https:\/\/www.caririemacao.com\/1\/wp-json\/wp\/v2\/media?parent=172418"}],"wp:term":[{"taxonomy":"category","embeddable":true,"href":"https:\/\/www.caririemacao.com\/1\/wp-json\/wp\/v2\/categories?post=172418"},{"taxonomy":"post_tag","embeddable":true,"href":"https:\/\/www.caririemacao.com\/1\/wp-json\/wp\/v2\/tags?post=172418"}],"curies":[{"name":"wp","href":"https:\/\/api.w.org\/{rel}","templated":true}]}}