{"id":172422,"date":"2020-06-02T06:57:38","date_gmt":"2020-06-02T09:57:38","guid":{"rendered":"https:\/\/www.caririemacao.com\/1\/?p=172422"},"modified":"2020-06-02T06:57:38","modified_gmt":"2020-06-02T09:57:38","slug":"paraiba-registra-mais-de-500-casos-de-covid-19-e-10-obitos-em-24-horas","status":"publish","type":"post","link":"https:\/\/www.caririemacao.com\/1\/2020\/06\/02\/paraiba-registra-mais-de-500-casos-de-covid-19-e-10-obitos-em-24-horas\/","title":{"rendered":"Para\u00edba registra mais de 500 casos de Covid-19 e 10 \u00f3bitos em 24 horas"},"content":{"rendered":"\n<h1 class=\"wp-block-heading\"><\/h1>\n\n\n\n<p>Nesta segunda, 01 de junho, a Para\u00edba registrou 533 novos casos de Covid-19 e 10 \u00f3bitos confirmados desde a ultima atualiza\u00e7\u00e3o.<\/p>\n\n\n\n<p>Conforme a Secretaria de Estado da Sa\u00fade (SES), s\u00e3o 13.695 paraibanos que j\u00e1 contra\u00edram a doen\u00e7a, 2.637 pessoas que j\u00e1 se recuperaram e 370 faleceram.<\/p>\n\n\n\n<p>Jo\u00e3o Pessoa continua liderando em n\u00famero de casos, registrando 4.151 infectados, seguida por Campina Grande, com 1.578.<\/p>\n\n\n\n<p>A diminui\u00e7\u00e3o do n\u00famero de notifica\u00e7\u00f5es no fim de semana n\u00e3o caracteriza a diminui\u00e7\u00e3o do n\u00famero de casos.<\/p>\n\n\n\n<p>Todos os sistemas de vigil\u00e2ncia dependem da operacionaliza\u00e7\u00e3o dos profissionais da Aten\u00e7\u00e3o Prim\u00e1ria, das Secretarias Municipais de Sa\u00fade, das Unidades de Pronto Atendimento e dos Hospitais, e alguns n\u00e3o trabalham no fim de semana.<\/p>\n\n\n\n<p>A ocupa\u00e7\u00e3o de leitos de UTI em todo o Estado \u00e9 de 73%. Se fizermos um recorte apenas dos leitos de UTI para adultos na Regi\u00e3o Metropolitana de Jo\u00e3o Pessoa, 87% est\u00e3o ocupados.<\/p>\n\n\n\n<p>Em Campina Grande, est\u00e3o ocupados 83% de leitos de UTI adulto. No sert\u00e3o, 59% dos leitos de UTI est\u00e3o ocupados.<\/p>\n\n\n\n<p>Apenas, 50,3% da popula\u00e7\u00e3o seguiu a recomenda\u00e7\u00e3o de isolamento social.<\/p>\n\n\n\n<p>Os casos confirmados est\u00e3o em 194 dos 223 munic\u00edpios paraibanos:<\/p>\n\n\n\n<p>\u00c1gua Branca (2); Aguiar (1); Alagoa Grande (76); Alagoa Nova (36); Alagoinha (103); Alcantil (4) Alhandra (138); Amparo (12); Aparecida (8); Ara\u00e7agi (27); Arara (13); Araruna (2); Areia (56); Areia de Bara\u00fanas (1); Areial (9); Aroeiras (23); Assun\u00e7\u00e3o (6); Baia da Trai\u00e7\u00e3o (44); Bananeiras (26); Bara\u00fana (11) Barra de Santa Rosa (5); Barra de Santana (16); Barra de S\u00e3o Miguel (3); Bayeux (319); Bel\u00e9m (36); Bel\u00e9m do Brejo do Cruz (2); Boa Ventura (1); Boa Vista (29); Bom Jesus (1); Bonito de Santa F\u00e9 (1); Boqueir\u00e3o (20); Borborema (1); Brejo do Cruz (4); Caapor\u00e3 (371); Cabaceiras (1); Cabedelo (796); Cachoeira dos \u00cdndios (6); Cacimba de Areia (1); Cacimba de Dentro (26); Cacimbas (2); Cai\u00e7ara (23); Cajazeiras (96); Cajazeirinhas (1); Caldas Brand\u00e3o (15); Campina Grande (1578); Capim (39); Carrapateira (1); Casserengue (8); Catingueira (5), Catol\u00e9 do Rocha (45); Caturit\u00e9 (14); Concei\u00e7\u00e3o (5); Condado (39); Conde (97); Congo (11); Coremas (17); Coxixola (4); Cruz do Esp\u00edrito Santo (110); Cubati (1); Cuit\u00e9 (10); Cuit\u00e9 de Mamanguape (5); Cuiteg\u00ed (46); Curral de Cima (10); Dami\u00e3o (1); Desterro (9); Dona In\u00eas (3); Duas Estradas (20); Emas (1); Esperan\u00e7a (56); Fagundes (7); Gado Bravo (23); Guarabira (573); Gurinh\u00e9m (36); Gurj\u00e3o (15); Ibiara (4); Igaracy (2); Imaculada (8); Ing\u00e1 (70); Itabaiana (197); Itaporanga (3); Itapororoca (38); Itatuba (47); Jacara\u00fa (7); Jeric\u00f3 (2); Jo\u00e3o Pessoa (4151); Joca Claudino (1); Juarez T\u00e1vora (22); Juazeirinho (51); Junco do Serid\u00f3 (9); Juripiranga (90); Juru (4); Lagoa (3); Lagoa de Dentro (7); Lagoa Seca (76); Lastro (1); Logradouro (11); Lucena (54); M\u00e3e d\u2019\u00c1gua (3); Malta (11); Mamanguape (162); Mana\u00edra (2); Marca\u00e7\u00e3o (7); Mari (113); Mariz\u00f3polis (3); Massaranduba (22); Mataraca (24); Matinhas (14); Mato Grosso (4); Matureia (10); Mogeiro (4); Montadas (6); Monteiro (27); Mulungu (17); Natuba (7); Nova Floresta (1), Nova Olinda (2); Nova Palmeira (3); Olho D\u00b4\u00c1gua (13); Olivedos (2); Ouro Velho (1); Passagem (7); Patos (587); Paulista (17); Pedras de Fogo (247); Pedro R\u00e9gis (1); Pianc\u00f3 (18); Picu\u00ed (15); Pilar (40); Pil\u00f5es (9); Pil\u00f5ezinhos (52); Pirpirituba (20); Pitimbu (100); Pocinhos (7); Pombal (61); Princesa Isabel (8); Puxinan\u00e3 (30); Queimadas (94); Quixaba (4); Rem\u00edgio (42); Riach\u00e3o do Bacamarte (80); Riach\u00e3o do Po\u00e7o (3); Riacho de Santo Ant\u00f4nio (3); Riacho dos Cavalos (2); Rio Tinto (57); Salgadinho (5); Salgado de S\u00e3o Felix (26); Santa Cec\u00edlia (3); Santa Helena (1); Santa In\u00eas (1); Santa Luzia (47); Santa Rita (597); Santa Terezinha (13); Santana dos Garrotes (1); S\u00e3o Bentinho (9); S\u00e3o Bento (124); S\u00e3o Francisco (3); S\u00e3o Jo\u00e3o do Cariri (1); S\u00e3o Jo\u00e3o do Rio do Peixe (12); S\u00e3o Jo\u00e3o do Tigre (1); S\u00e3o Jos\u00e9 da Lagoa Tapada (13); S\u00e3o Jos\u00e9 de Caiana (11); S\u00e3o Jos\u00e9 de Espinharas (3); S\u00e3o Jos\u00e9 de Piranhas (5); S\u00e3o Jos\u00e9 do Bonfim (12); S\u00e3o Jos\u00e9 do Sabugi (62); S\u00e3o Jos\u00e9 dos Cordeiros (3); S\u00e3o Jos\u00e9 dos Ramos (10); S\u00e3o Mamede (13); S\u00e3o Miguel de Taipu (23); S\u00e3o Sebasti\u00e3o de Lagoa de Ro\u00e7a (22); S\u00e3o Sebasti\u00e3o do Umbuzeiro (1); S\u00e3o Vicente do Serid\u00f3 (13); Sap\u00e9 (201); Serra Branca (2); Serra da Ra\u00edz (11); Serra Grande (1); Serra Redonda (36); Serraria (11); Sert\u00e3ozinho (14); Sobrado (21); Sol\u00e2nea (68); Soledade (9); Sousa (186); Sum\u00e9 (20); Tacima (16); Tapero\u00e1 (33); Tavares (6); Teixeira (17); Ten\u00f3rio (1); Uira\u00fana (4); Umbuzeiro (16); V\u00e1rzea (1); Vieir\u00f3polis (2); Vista Serrana (1).<\/p>\n\n\n\n<p>Os 10 \u00f3bitos confirmados foram:<\/p>\n\n\n\n<p>Homem, 32 anos, sem comorbidade, residente em Sap\u00e9. Inicio dos sintomas 18\/05, interno em hospital p\u00fablico, veio a \u00f3bito no dia 27\/05.<\/p>\n\n\n\n<p>Mulher, 69 anos, hipertensa, Dpoc,card\u00edaca, residente em Campina Grande. In\u00edcio dos sintomas 13\/05, interna em hospital p\u00fablico, veio a \u00f3bito no dia 18\/05.<\/p>\n\n\n\n<p>Mulher, 76 anos sem informa\u00e7\u00e3o de comorbidade, residente em Campina Grande. In\u00edcio dos sintomas 20\/05, interna em hospital p\u00fablico, veio a \u00f3bito no dia 21\/05.<\/p>\n\n\n\n<p>Homem, 72 anos, hipertenso, residente em Campina Grande. In\u00edcio dos sintomas 10\/05, interno em hospital p\u00fablico, veio a \u00f3bito no dia 19\/05.<\/p>\n\n\n\n<p>Mulher, 82 anos, diab\u00e9tica, residente em Patos. Inicio dos sintomas 14\/05, interna em hospital p\u00fablico, veio a \u00f3bito no dia 28\/05.<\/p>\n\n\n\n<p>Homem, 72 anos, cardiopata, pneumopata, residente em Jo\u00e3o Pessoa. In\u00edcio dos sintomas 24\/04, interno em hospital p\u00fablico, veio a \u00f3bito no dia 25\/05.<\/p>\n\n\n\n<p>Mulher, 42 anos, sem informa\u00e7\u00f5es de comorbidade, residente em Campina Grande. In\u00edcio dos sintomas 11\/05, interna em hospital p\u00fablico, veio a \u00f3bito no dia 25\/05.<\/p>\n\n\n\n<p>Homem, 72 anos,diab\u00e9tico, hipertenso, residente em Bayeux. In\u00edcio dos sintomas 19\/05, interno em hospital p\u00fablico, veio a \u00f3bito no dia 30\/05.<\/p>\n\n\n\n<p>Mulher, 91, hipertensa, residente em Guarabira. In\u00edcio dos sintomas 19\/05, veio a \u00f3bito na Unidade de Pronto Atendimento no dia 01\/06.<\/p>\n\n\n\n<p>Mulher, 41 anos, sem informa\u00e7\u00e3o de comorbidade, residente em Bayeux. In\u00edcio dos sintomas 01\/05, interna em hospital p\u00fablico, veio a \u00f3bito no dia 19\/05.<\/p>\n\n\n\n<p>Os dados epidemiol\u00f3gicos e de ocupa\u00e7\u00e3o de leitos podem ser acompanhados em&nbsp;<a href=\"http:\/\/www.paraiba.pb.gov.br\/coronavirus\" target=\"_blank\" rel=\"noreferrer noopener\">paraiba.pb.gov.br\/coronavirus<\/a><\/p>\n","protected":false},"excerpt":{"rendered":"<p>Nesta segunda, 01 de junho, a Para\u00edba registrou 533 novos casos de Covid-19 e 10 \u00f3bitos confirmados desde a ultima atualiza\u00e7\u00e3o. Conforme a Secretaria de&hellip; <\/p>\n","protected":false},"author":2,"featured_media":172423,"comment_status":"closed","ping_status":"closed","sticky":false,"template":"","format":"standard","meta":{"sfsi_plus_gutenberg_text_before_share":"","sfsi_plus_gutenberg_show_text_before_share":"","sfsi_plus_gutenberg_icon_type":"","sfsi_plus_gutenberg_icon_alignemt":"","sfsi_plus_gutenburg_max_per_row":"","footnotes":""},"categories":[2],"tags":[],"class_list":["post-172422","post","type-post","status-publish","format-standard","has-post-thumbnail","hentry","category-geral"],"_links":{"self":[{"href":"https:\/\/www.caririemacao.com\/1\/wp-json\/wp\/v2\/posts\/172422","targetHints":{"allow":["GET"]}}],"collection":[{"href":"https:\/\/www.caririemacao.com\/1\/wp-json\/wp\/v2\/posts"}],"about":[{"href":"https:\/\/www.caririemacao.com\/1\/wp-json\/wp\/v2\/types\/post"}],"author":[{"embeddable":true,"href":"https:\/\/www.caririemacao.com\/1\/wp-json\/wp\/v2\/users\/2"}],"replies":[{"embeddable":true,"href":"https:\/\/www.caririemacao.com\/1\/wp-json\/wp\/v2\/comments?post=172422"}],"version-history":[{"count":1,"href":"https:\/\/www.caririemacao.com\/1\/wp-json\/wp\/v2\/posts\/172422\/revisions"}],"predecessor-version":[{"id":172424,"href":"https:\/\/www.caririemacao.com\/1\/wp-json\/wp\/v2\/posts\/172422\/revisions\/172424"}],"wp:featuredmedia":[{"embeddable":true,"href":"https:\/\/www.caririemacao.com\/1\/wp-json\/wp\/v2\/media\/172423"}],"wp:attachment":[{"href":"https:\/\/www.caririemacao.com\/1\/wp-json\/wp\/v2\/media?parent=172422"}],"wp:term":[{"taxonomy":"category","embeddable":true,"href":"https:\/\/www.caririemacao.com\/1\/wp-json\/wp\/v2\/categories?post=172422"},{"taxonomy":"post_tag","embeddable":true,"href":"https:\/\/www.caririemacao.com\/1\/wp-json\/wp\/v2\/tags?post=172422"}],"curies":[{"name":"wp","href":"https:\/\/api.w.org\/{rel}","templated":true}]}}