{"id":172430,"date":"2020-06-02T07:05:53","date_gmt":"2020-06-02T10:05:53","guid":{"rendered":"https:\/\/www.caririemacao.com\/1\/?p=172430"},"modified":"2020-06-02T07:05:53","modified_gmt":"2020-06-02T10:05:53","slug":"homens-sao-presos-com-carro-roubado-no-agreste-paraibano","status":"publish","type":"post","link":"https:\/\/www.caririemacao.com\/1\/2020\/06\/02\/homens-sao-presos-com-carro-roubado-no-agreste-paraibano\/","title":{"rendered":"Homens s\u00e3o presos com carro roubado no Agreste paraibano"},"content":{"rendered":"\n<h1 class=\"wp-block-heading\"><\/h1>\n\n\n\n<p>Dois homens foram presos neste final de semana com um ve\u00edculo roubado na cidade de Queimadas, no Agreste paraibano.<\/p>\n\n\n\n<p>O ve\u00edculo foi abordado pelos agentes da Pol\u00edcia Rodovi\u00e1ria Federal (PRF) na BR-104. Ap\u00f3s uma fiscaliza\u00e7\u00e3o detalhada no autom\u00f3vel, os policiais perceberam v\u00e1rios ind\u00edcios de fraude veicular.<\/p>\n\n\n\n<p>O carro foi roubado na cidade de S\u00e3o Gon\u00e7alo do Amarante, no Rio Grande do Norte. Os homens foram presos e conduzido \u00e0 Pol\u00edcia Civil.<\/p>\n","protected":false},"excerpt":{"rendered":"<p>Dois homens foram presos neste final de semana com um ve\u00edculo roubado na cidade de Queimadas, no Agreste paraibano. O ve\u00edculo foi abordado pelos agentes&hellip; <\/p>\n","protected":false},"author":2,"featured_media":172431,"comment_status":"closed","ping_status":"closed","sticky":false,"template":"","format":"standard","meta":{"sfsi_plus_gutenberg_text_before_share":"","sfsi_plus_gutenberg_show_text_before_share":"","sfsi_plus_gutenberg_icon_type":"","sfsi_plus_gutenberg_icon_alignemt":"","sfsi_plus_gutenburg_max_per_row":"","footnotes":""},"categories":[2],"tags":[],"class_list":["post-172430","post","type-post","status-publish","format-standard","has-post-thumbnail","hentry","category-geral"],"_links":{"self":[{"href":"https:\/\/www.caririemacao.com\/1\/wp-json\/wp\/v2\/posts\/172430","targetHints":{"allow":["GET"]}}],"collection":[{"href":"https:\/\/www.caririemacao.com\/1\/wp-json\/wp\/v2\/posts"}],"about":[{"href":"https:\/\/www.caririemacao.com\/1\/wp-json\/wp\/v2\/types\/post"}],"author":[{"embeddable":true,"href":"https:\/\/www.caririemacao.com\/1\/wp-json\/wp\/v2\/users\/2"}],"replies":[{"embeddable":true,"href":"https:\/\/www.caririemacao.com\/1\/wp-json\/wp\/v2\/comments?post=172430"}],"version-history":[{"count":1,"href":"https:\/\/www.caririemacao.com\/1\/wp-json\/wp\/v2\/posts\/172430\/revisions"}],"predecessor-version":[{"id":172432,"href":"https:\/\/www.caririemacao.com\/1\/wp-json\/wp\/v2\/posts\/172430\/revisions\/172432"}],"wp:featuredmedia":[{"embeddable":true,"href":"https:\/\/www.caririemacao.com\/1\/wp-json\/wp\/v2\/media\/172431"}],"wp:attachment":[{"href":"https:\/\/www.caririemacao.com\/1\/wp-json\/wp\/v2\/media?parent=172430"}],"wp:term":[{"taxonomy":"category","embeddable":true,"href":"https:\/\/www.caririemacao.com\/1\/wp-json\/wp\/v2\/categories?post=172430"},{"taxonomy":"post_tag","embeddable":true,"href":"https:\/\/www.caririemacao.com\/1\/wp-json\/wp\/v2\/tags?post=172430"}],"curies":[{"name":"wp","href":"https:\/\/api.w.org\/{rel}","templated":true}]}}