{"id":172434,"date":"2020-06-02T07:09:27","date_gmt":"2020-06-02T10:09:27","guid":{"rendered":"https:\/\/www.caririemacao.com\/1\/?p=172434"},"modified":"2020-06-02T07:09:27","modified_gmt":"2020-06-02T10:09:27","slug":"dupla-e-presa-suspeita-de-torturar-pessoas-que-descumpriram-isolamento-social-na-pb","status":"publish","type":"post","link":"https:\/\/www.caririemacao.com\/1\/2020\/06\/02\/dupla-e-presa-suspeita-de-torturar-pessoas-que-descumpriram-isolamento-social-na-pb\/","title":{"rendered":"Dupla \u00e9 presa suspeita de torturar pessoas que descumpriram isolamento social na PB"},"content":{"rendered":"\n<h1 class=\"wp-block-heading\"><\/h1>\n\n\n\n<p>Dois homens foram presos no \u00faltimo s\u00e1bado (30) suspeitos de realizarem sess\u00f5es de tortura contra pessoas que descumpriram medidas de isolamento social para preven\u00e7\u00e3o \u00e0 propaga\u00e7\u00e3o do coronav\u00edrus no munic\u00edpio de Nova Floresta, no Agreste paraibano.<\/p>\n\n\n\n<p>Algumas v\u00edtimas teriam participado de festas durante a pandemia.<\/p>\n\n\n\n<p>A pol\u00edcia soube das torturas por meio de v\u00eddeos que foram compartilhados nas redes sociais.<\/p>\n\n\n\n<p>As agress\u00f5es aconteciam na casa de um dos suspeitos, que filmava as sess\u00f5es de tortura. Os suspeitos foram levados para a delegacia.<\/p>\n","protected":false},"excerpt":{"rendered":"<p>Dois homens foram presos no \u00faltimo s\u00e1bado (30) suspeitos de realizarem sess\u00f5es de tortura contra pessoas que descumpriram medidas de isolamento social para preven\u00e7\u00e3o \u00e0&hellip; <\/p>\n","protected":false},"author":2,"featured_media":172435,"comment_status":"closed","ping_status":"closed","sticky":false,"template":"","format":"standard","meta":{"sfsi_plus_gutenberg_text_before_share":"","sfsi_plus_gutenberg_show_text_before_share":"","sfsi_plus_gutenberg_icon_type":"","sfsi_plus_gutenberg_icon_alignemt":"","sfsi_plus_gutenburg_max_per_row":"","footnotes":""},"categories":[12],"tags":[],"class_list":["post-172434","post","type-post","status-publish","format-standard","has-post-thumbnail","hentry","category-policia"],"_links":{"self":[{"href":"https:\/\/www.caririemacao.com\/1\/wp-json\/wp\/v2\/posts\/172434","targetHints":{"allow":["GET"]}}],"collection":[{"href":"https:\/\/www.caririemacao.com\/1\/wp-json\/wp\/v2\/posts"}],"about":[{"href":"https:\/\/www.caririemacao.com\/1\/wp-json\/wp\/v2\/types\/post"}],"author":[{"embeddable":true,"href":"https:\/\/www.caririemacao.com\/1\/wp-json\/wp\/v2\/users\/2"}],"replies":[{"embeddable":true,"href":"https:\/\/www.caririemacao.com\/1\/wp-json\/wp\/v2\/comments?post=172434"}],"version-history":[{"count":1,"href":"https:\/\/www.caririemacao.com\/1\/wp-json\/wp\/v2\/posts\/172434\/revisions"}],"predecessor-version":[{"id":172436,"href":"https:\/\/www.caririemacao.com\/1\/wp-json\/wp\/v2\/posts\/172434\/revisions\/172436"}],"wp:featuredmedia":[{"embeddable":true,"href":"https:\/\/www.caririemacao.com\/1\/wp-json\/wp\/v2\/media\/172435"}],"wp:attachment":[{"href":"https:\/\/www.caririemacao.com\/1\/wp-json\/wp\/v2\/media?parent=172434"}],"wp:term":[{"taxonomy":"category","embeddable":true,"href":"https:\/\/www.caririemacao.com\/1\/wp-json\/wp\/v2\/categories?post=172434"},{"taxonomy":"post_tag","embeddable":true,"href":"https:\/\/www.caririemacao.com\/1\/wp-json\/wp\/v2\/tags?post=172434"}],"curies":[{"name":"wp","href":"https:\/\/api.w.org\/{rel}","templated":true}]}}