{"id":172438,"date":"2020-06-02T07:14:42","date_gmt":"2020-06-02T10:14:42","guid":{"rendered":"https:\/\/www.caririemacao.com\/1\/?p=172438"},"modified":"2020-06-02T07:14:42","modified_gmt":"2020-06-02T10:14:42","slug":"taffarel-goleiros-sao-maiores-prejudicados-com-paralisacao-do-futebol","status":"publish","type":"post","link":"https:\/\/www.caririemacao.com\/1\/2020\/06\/02\/taffarel-goleiros-sao-maiores-prejudicados-com-paralisacao-do-futebol\/","title":{"rendered":"Taffarel: goleiros s\u00e3o maiores prejudicados com paralisa\u00e7\u00e3o do futebol"},"content":{"rendered":"\n<h1 class=\"wp-block-heading\"><\/h1>\n\n\n\n<p>Nessa corrida contra o tempo, atletas est\u00e3o tendo de readequar o corpo e a mente para as cargas de treinamento a que estavam acostumados h\u00e1 mais de dois meses, quando o futebol parou em raz\u00e3o da pandemia.<\/p>\n\n\n\n<p>Na opini\u00e3o de Taffarel, preparador de goleiros da sele\u00e7\u00e3o brasileira, os jogadores que mais sentir\u00e3o os efeitos da parada ser\u00e3o justamente os donos da camisa 1.<\/p>\n\n\n\n<p>\u201cO jogador de linha faz um refor\u00e7o, uma corrida e consegue manter essa prepara\u00e7\u00e3o f\u00edsica. O goleiro perde muito, porque ele n\u00e3o tem a refer\u00eancia de um chute, de uma posi\u00e7\u00e3o no gol, ent\u00e3o vai sofrer bastante na volta. Tem que intensificar os treinamentos, com bons trabalhos, para recuperar tudo\u201d, diz Taffarel, 54, \u00e0 Folha de S.Paulo.<\/p>\n\n\n\n<p>Titular da sele\u00e7\u00e3o, o goleiro Alisson, 27, voltou aos treinos com o Liverpool no in\u00edcio de maio, quando os clubes da Premier League foram autorizados a retomar as atividades, desde que os atletas trabalhassem individualmente.<\/p>\n\n\n\n<p>Reserva de Alisson no Brasil, Ederson, atual bicampe\u00e3o do torneio com o Manchester City, tamb\u00e9m voltou a pisar no gramado para trabalhar com a comiss\u00e3o t\u00e9cnica da equipe.<\/p>\n\n\n\n<p>Na semana passada, a elite inglesa deu mais um passo rumo ao retorno, com a liga permitindo o contato f\u00edsico entre jogadores nos treinamentos.<\/p>\n\n\n\n<p>Por conta de uma les\u00e3o no quadril sofrida em um treino do Liverpool, Alisson havia ficado fora da convoca\u00e7\u00e3o para a estreia do Brasil nas eliminat\u00f3rias, contra o Peru, adiada em raz\u00e3o da pandemia da Covid-19.<\/p>\n\n\n\n<p>Na lista do t\u00e9cnico Tite, al\u00e9m de Ederson, 26, foram convocados Weverton, 32, goleiro titular do Palmeiras, e o jovem Ivan, 22, da Ponte Preta.<\/p>\n\n\n\n<p>A dupla que atua no futebol paulista ainda espera pela autoriza\u00e7\u00e3o para a volta dos treinamentos com seus respectivos clubes.<\/p>\n\n\n\n<p>Taffarel conta que tem mantido contato com os goleiros da sele\u00e7\u00e3o, mas que as limita\u00e7\u00f5es impostas pela pandemia n\u00e3o permitem direcionar o trabalho ou fazer uma observa\u00e7\u00e3o minuciosa dos atletas.<\/p>\n\n\n\n<p>\u201cTenho falado com o Alisson, com o Weverton falo de vez em quando. Mas n\u00e3o d\u00e1 para ficar acompanhando muito eles. Vai chegar um momento em que ir\u00e3o voltar aos treinamentos, a\u00ed sim, reinicia-se esse acompanhamento. At\u00e9 pessoalmente\u201d, afirma o ex-goleiro.<\/p>\n\n\n\n<p>Apesar da quarentena, Taffarel teve motivo para comemorar no m\u00eas de maio. No dia 17, o Galatasaray, da Turquia, celebrou os 20 anos do t\u00edtulo da Copa da Uefa (hoje Europa League) sobre o Arsenal, conquista que teve o brasileiro como um dos her\u00f3is.<\/p>\n\n\n\n<p>Ap\u00f3s empate em 0 a 0 no tempo normal, a final disputada em Copenhagen foi para a prorroga\u00e7\u00e3o. No regulamento do torneio, havia o gol de ouro, que dava a vit\u00f3ria a quem marcasse primeiro no tempo extra.<\/p>\n\n\n\n<p>J\u00e1 nos minutos finais da segunda etapa do tempo extra, Ray Parlour fez o cruzamento da direita e encontrou o atacante Thierry Henry, livre na segunda trave. O franc\u00eas cabeceou sem marca\u00e7\u00e3o e Taffarel, que parecia estar batido no lance, fez grande defesa, levando o jogo para as penalidades.<\/p>\n\n\n\n<p>Nos v\u00eddeos daquela partida \u00e9 poss\u00edvel ver torcedores do Arsenal se preparando para comemorar o gol de Henry, mas logo na sequ\u00eancia parecem incr\u00e9dulos com a interven\u00e7\u00e3o do goleiro brasileiro, que j\u00e1 havia salvado o time turco ap\u00f3s grande jogada do nigeriano Kanu.<\/p>\n\n\n\n<p>Na decis\u00e3o por p\u00eanaltis, os ingleses desperdi\u00e7aram duas cobran\u00e7as, ambas na trave, e os turcos venceram por 4 a 1. Foi a primeira grande conquista internacional de um clube da Turquia.<\/p>\n\n\n\n<p>\u201cQuando eu saio na rua l\u00e1 em Istambul, o pessoal s\u00f3 lembra da defesa na cabe\u00e7ada do Henry\u201d, brinca Taffarel. \u201cN\u00f3s fomos l\u00e1 enfrentar o Arsenal porque dava para ganhar. N\u00f3s sent\u00edamos isso, a confian\u00e7a, mesmo sabendo da for\u00e7a deles. A gente acreditou durante toda a competi\u00e7\u00e3o.\u201d<\/p>\n\n\n\n<p>Aquele Galatasaray tinha como principal estrela o meio-campista romeno Gheorghe Hagi, maior jogador da hist\u00f3ria de seu pa\u00eds e que esteve nas Copas do Mundo de 1994 e 1998 com a sele\u00e7\u00e3o da Rom\u00eania. Hagi, por\u00e9m, foi expulso na prorroga\u00e7\u00e3o da decis\u00e3o e n\u00e3o p\u00f4de cobrar sua penalidade.<\/p>\n\n\n\n<p>Para Taffarel, apesar do protagonismo do meia romeno, a for\u00e7a do time turco estava no conjunto bem treinado pelo t\u00e9cnico Fatih Terim, que ap\u00f3s o t\u00edtulo ganhou a oportunidade de trabalhar no ent\u00e3o badalado futebol italiano, com passagens pela Fiorentina e pelo Milan.<\/p>\n\n\n\n<p>\u201cEle tinha uma personalidade fort\u00edssima, queria ganhar sempre e exigia sempre o m\u00e1ximo da gente. Uma equipe sempre forte, s\u00f3lida no ataque, forte no meio de campo, na defesa. A conquista ficou marcada n\u00e3o por causa do Hagi, nem da defesa que eu fiz, mas por causa de um time todo que jogou seu melhor futebol em seu melhor momento e sendo dirigido por esse grande treinador que \u00e9 o Faith Terim\u201d, completa Taffarel.<\/p>\n\n\n\n<p>Dois anos depois, na Copa do Mundo da Coreia e Jap\u00e3o, a base da sele\u00e7\u00e3o da Turquia era formada por jogadores campe\u00f5es da Copa da Uefa de 2000. Com nomes como Hasas Sas, Hakan Sukur, Bulent Korkmaz e Umit Davala, os turcos alcan\u00e7aram a terceira coloca\u00e7\u00e3o no Mundial depois de ca\u00edrem para o Brasil na semifinal, em derrota por 1 a 0, gol de bico de Ronaldo.<\/p>\n","protected":false},"excerpt":{"rendered":"<p>Nessa corrida contra o tempo, atletas est\u00e3o tendo de readequar o corpo e a mente para as cargas de treinamento a que estavam acostumados h\u00e1&hellip; <\/p>\n","protected":false},"author":2,"featured_media":172439,"comment_status":"closed","ping_status":"closed","sticky":false,"template":"","format":"standard","meta":{"sfsi_plus_gutenberg_text_before_share":"","sfsi_plus_gutenberg_show_text_before_share":"","sfsi_plus_gutenberg_icon_type":"","sfsi_plus_gutenberg_icon_alignemt":"","sfsi_plus_gutenburg_max_per_row":"","footnotes":""},"categories":[2],"tags":[],"class_list":["post-172438","post","type-post","status-publish","format-standard","has-post-thumbnail","hentry","category-geral"],"_links":{"self":[{"href":"https:\/\/www.caririemacao.com\/1\/wp-json\/wp\/v2\/posts\/172438","targetHints":{"allow":["GET"]}}],"collection":[{"href":"https:\/\/www.caririemacao.com\/1\/wp-json\/wp\/v2\/posts"}],"about":[{"href":"https:\/\/www.caririemacao.com\/1\/wp-json\/wp\/v2\/types\/post"}],"author":[{"embeddable":true,"href":"https:\/\/www.caririemacao.com\/1\/wp-json\/wp\/v2\/users\/2"}],"replies":[{"embeddable":true,"href":"https:\/\/www.caririemacao.com\/1\/wp-json\/wp\/v2\/comments?post=172438"}],"version-history":[{"count":1,"href":"https:\/\/www.caririemacao.com\/1\/wp-json\/wp\/v2\/posts\/172438\/revisions"}],"predecessor-version":[{"id":172440,"href":"https:\/\/www.caririemacao.com\/1\/wp-json\/wp\/v2\/posts\/172438\/revisions\/172440"}],"wp:featuredmedia":[{"embeddable":true,"href":"https:\/\/www.caririemacao.com\/1\/wp-json\/wp\/v2\/media\/172439"}],"wp:attachment":[{"href":"https:\/\/www.caririemacao.com\/1\/wp-json\/wp\/v2\/media?parent=172438"}],"wp:term":[{"taxonomy":"category","embeddable":true,"href":"https:\/\/www.caririemacao.com\/1\/wp-json\/wp\/v2\/categories?post=172438"},{"taxonomy":"post_tag","embeddable":true,"href":"https:\/\/www.caririemacao.com\/1\/wp-json\/wp\/v2\/tags?post=172438"}],"curies":[{"name":"wp","href":"https:\/\/api.w.org\/{rel}","templated":true}]}}