{"id":172442,"date":"2020-06-02T07:17:15","date_gmt":"2020-06-02T10:17:15","guid":{"rendered":"https:\/\/www.caririemacao.com\/1\/?p=172442"},"modified":"2020-06-02T07:17:15","modified_gmt":"2020-06-02T10:17:15","slug":"em-meio-a-crise-do-coronavirus-congo-declara-nova-epidemia-de-ebola","status":"publish","type":"post","link":"https:\/\/www.caririemacao.com\/1\/2020\/06\/02\/em-meio-a-crise-do-coronavirus-congo-declara-nova-epidemia-de-ebola\/","title":{"rendered":"Em meio \u00e0 crise do coronav\u00edrus, Congo declara nova epidemia de Ebola"},"content":{"rendered":"\n<h1 class=\"wp-block-heading\"><\/h1>\n\n\n\n<p>A Rep\u00fablica Democr\u00e1tica do Congo informou nesta segunda-feira, 1, que h\u00e1 uma nova epidemia de Ebola na cidade ocidental de Mbandaka, a mais de 1.000 quil\u00f4metros de um surto cont\u00ednuo no leste. O novo foco do v\u00edrus mortal ocorre em meio \u00e0 pandemia de coronav\u00edrus, que infectou ao menos 3.195 pessoas e deixou 72 mortos no pa\u00eds, segundo levantamento da Universidade Johns Hopkins.<\/p>\n\n\n\n<p>O ministro da Sa\u00fade congol\u00eas, Eteni Longondo, disse que quatro pessoas que morreram em Mbandaka tiveram resultados positivos para o Ebola ap\u00f3s testes no laborat\u00f3rio biom\u00e9dico nacional na capital Kinshasa. \u201cTemos uma nova epidemia de Ebola em Mbandaka\u201d, disse Longondo. \u201cVamos enviar vacinas e medicamentos o mais r\u00e1pido poss\u00edvel\u201d, completou.<\/p>\n\n\n\n<p>O surto foi confirmado pelo diretor-geral da Organiza\u00e7\u00e3o Mundial da Sa\u00fade (OMS), Tedros Adhanom Ghebreyesus. O m\u00e9dico publicou no Twitter: \u201cEsse surto \u00e9 um lembrete de que a Covid-19 n\u00e3o \u00e9 a \u00fanica amea\u00e7a \u00e0 sa\u00fade que as pessoas enfrentam\u201d.<\/p>\n\n\n\n<p>O coronav\u00edrus atingiu a Rep\u00fablica Democr\u00e1tica do Congo no in\u00edcio de mar\u00e7o, com casos importados. Sendo um dos pa\u00edses mais pobres do mundo, com acesso limitado \u00e0 sa\u00fade, o presidente F\u00e9lix Tshisekedi orientou que escolas, bares, restaurantes e locais de culto fossem fechados, al\u00e9m de suspender voos. No fim de mar\u00e7o, foi estabelecido estado de emerg\u00eancia e as fronteiras foram bloqueadas.<\/p>\n\n\n\n<p>Estima-se que 3.195 pessoas foram infectadas pelo v\u00edrus e que a Covid-19, doen\u00e7a respirat\u00f3ria, tenha matado 72 congoleses. Contudo, a falta de recursos e de seguran\u00e7a, acentuada por conflitos armados no leste do pa\u00eds, aumenta o risco de infec\u00e7\u00e3o e dificulta o acesso da popula\u00e7\u00e3o a tratamento hospitalar. Cerca de 43% das fam\u00edlias t\u00eam acesso \u00e0 \u00e1gua pot\u00e1vel no pa\u00eds (69% nas \u00e1reas urbanas, 23% nas \u00e1reas rurais) e apenas 20% t\u00eam acesso ao saneamento, segundo o Banco Mundial.<\/p>\n\n\n\n<p>A situa\u00e7\u00e3o conturbada do pa\u00eds tamb\u00e9m impede profissionais da sa\u00fade de realizarem testes para o v\u00edrus. Segundo Michel Yao, chefe de situa\u00e7\u00f5es de emerg\u00eancia na \u00c1frica para a OMS, todas as amostras coletadas precisam ser enviadas \u00e0 capital Kinshasa para os resultados, o que atrasa a opera\u00e7\u00e3o. Por isso, h\u00e1 suspeita de que haja subnotifica\u00e7\u00e3o dos casos e mortes pela Covid-19.<\/p>\n\n\n\n<p>O Congo luta para acabar com um surto de Ebola ativo h\u00e1 quase dois anos perto das fronteiras ao leste com Ruanda e Uganda. L\u00e1, o v\u00edrus j\u00e1 matou mais de 2.200 pessoas, o surto mais mortal da doen\u00e7a j\u00e1 registrado, ap\u00f3s a epidemia generalizada no leste da \u00c1frica de 2013 a 2016 \u2013 que exportou o Ebola para os Estados Unidos, Reino Unido, It\u00e1lia e Espanha.<\/p>\n\n\n\n<p>Em abril, o pa\u00eds estava preparado para declarar o fim do surto cont\u00ednuo, seu d\u00e9cimo desde que o v\u00edrus foi descoberto em 1976. Contudo, um novo foco infec\u00e7\u00f5es foi confirmado no leste, o que atrasou a declara\u00e7\u00e3o. No entanto, nenhum novo caso \u00e9 detectado l\u00e1 h\u00e1 mais de 30 dias.<\/p>\n","protected":false},"excerpt":{"rendered":"<p>A Rep\u00fablica Democr\u00e1tica do Congo informou nesta segunda-feira, 1, que h\u00e1 uma nova epidemia de Ebola na cidade ocidental de Mbandaka, a mais de 1.000&hellip; <\/p>\n","protected":false},"author":2,"featured_media":172443,"comment_status":"closed","ping_status":"closed","sticky":false,"template":"","format":"standard","meta":{"sfsi_plus_gutenberg_text_before_share":"","sfsi_plus_gutenberg_show_text_before_share":"","sfsi_plus_gutenberg_icon_type":"","sfsi_plus_gutenberg_icon_alignemt":"","sfsi_plus_gutenburg_max_per_row":"","footnotes":""},"categories":[50,16],"tags":[],"class_list":["post-172442","post","type-post","status-publish","format-standard","has-post-thumbnail","hentry","category-destaque","category-saude"],"_links":{"self":[{"href":"https:\/\/www.caririemacao.com\/1\/wp-json\/wp\/v2\/posts\/172442","targetHints":{"allow":["GET"]}}],"collection":[{"href":"https:\/\/www.caririemacao.com\/1\/wp-json\/wp\/v2\/posts"}],"about":[{"href":"https:\/\/www.caririemacao.com\/1\/wp-json\/wp\/v2\/types\/post"}],"author":[{"embeddable":true,"href":"https:\/\/www.caririemacao.com\/1\/wp-json\/wp\/v2\/users\/2"}],"replies":[{"embeddable":true,"href":"https:\/\/www.caririemacao.com\/1\/wp-json\/wp\/v2\/comments?post=172442"}],"version-history":[{"count":1,"href":"https:\/\/www.caririemacao.com\/1\/wp-json\/wp\/v2\/posts\/172442\/revisions"}],"predecessor-version":[{"id":172444,"href":"https:\/\/www.caririemacao.com\/1\/wp-json\/wp\/v2\/posts\/172442\/revisions\/172444"}],"wp:featuredmedia":[{"embeddable":true,"href":"https:\/\/www.caririemacao.com\/1\/wp-json\/wp\/v2\/media\/172443"}],"wp:attachment":[{"href":"https:\/\/www.caririemacao.com\/1\/wp-json\/wp\/v2\/media?parent=172442"}],"wp:term":[{"taxonomy":"category","embeddable":true,"href":"https:\/\/www.caririemacao.com\/1\/wp-json\/wp\/v2\/categories?post=172442"},{"taxonomy":"post_tag","embeddable":true,"href":"https:\/\/www.caririemacao.com\/1\/wp-json\/wp\/v2\/tags?post=172442"}],"curies":[{"name":"wp","href":"https:\/\/api.w.org\/{rel}","templated":true}]}}