{"id":172446,"date":"2020-06-02T07:22:24","date_gmt":"2020-06-02T10:22:24","guid":{"rendered":"https:\/\/www.caririemacao.com\/1\/?p=172446"},"modified":"2020-06-02T07:22:24","modified_gmt":"2020-06-02T10:22:24","slug":"26-milhoes-de-pessoas-ainda-podem-receber-2a-parcela-do-auxilio-emergencial","status":"publish","type":"post","link":"https:\/\/www.caririemacao.com\/1\/2020\/06\/02\/26-milhoes-de-pessoas-ainda-podem-receber-2a-parcela-do-auxilio-emergencial\/","title":{"rendered":"26 milh\u00f5es de pessoas ainda podem receber 2\u00aa parcela do aux\u00edlio emergencial"},"content":{"rendered":"\n<h1 class=\"wp-block-heading\"><\/h1>\n\n\n\n<p>O saque em dinheiro deste lote para quem tem a poupan\u00e7a social e demais p\u00fablicos (e que tenha recebido a primeira parcela at\u00e9 30 de abril) teve in\u00edcio no \u00faltimo s\u00e1bado. O calend\u00e1rio segue de acordo com o m\u00eas de nascimento do benefici\u00e1rio, at\u00e9 o dia 13 de junho.<\/p>\n\n\n\n<p>Nesta segunda (1\u00ba), 2,4 milh\u00f5es de pessoas nascidas em fevereiro j\u00e1 puderam fazer o resgate em esp\u00e9cie, em caixas eletr\u00f4nicos, lot\u00e9ricas e ag\u00eancias da Caixa. Na ter\u00e7a (2), \u00e9 a vez dos nascidos em mar\u00e7o. Cerca de 2,7 milh\u00f5es poder\u00e3o fazer o saque em dinheiro.<\/p>\n\n\n\n<p>De acordo com o presidente da Caixa, as filas nas ag\u00eancias t\u00eam diminu\u00eddo consideravelmente porque parte das pessoas eleg\u00edveis j\u00e1 utilizou o Caixa Tem para realizar pagamentos na internet, de contas, compras em estabelecimentos comerciais ou como se fosse um cart\u00e3o via celular, a partir das maquininhas.<\/p>\n\n\n\n<p>Guimar\u00e3es disse ainda que 10,9 milh\u00f5es de pedidos feitos pelo aplicativo ou site est\u00e3o passando por an\u00e1lise e, a depender da verifica\u00e7\u00e3o dos crit\u00e9rios de elegibilidade, poder\u00e3o ser concedidos.<\/p>\n\n\n\n<p>DICAS<\/p>\n\n\n\n<p>Para evitar aglomera\u00e7\u00f5es e o alto risco de cont\u00e1gio pelo Covid-19, o ideal \u00e9 ir \u00e0 ag\u00eancia se n\u00e3o houver outra op\u00e7\u00e3o e somente ap\u00f3s confirmar que o saque est\u00e1 de fato liberado para o trabalhador e que o c\u00f3digo para o saque foi emitido.<\/p>\n\n\n\n<p>Nesta fase, est\u00e3o sendo atendidos os mais de 50 milh\u00f5es trabalhadores que se inscreveram pelo site ou aplicativo do programa do governo federal e foram aprovados at\u00e9 30 de abril.<\/p>\n\n\n\n<p>Quem n\u00e3o quiser pegar o dinheiro em esp\u00e9cie pode continuar movimentando o valor pelo Caixa Tem ou transferir para contas de outros bancos. Neste caso, tamb\u00e9m \u00e9 preciso obedecer o calend\u00e1rio de saques. Se na primeira parcela o benefici\u00e1rio indicou outro banco, a transfer\u00eancia ser\u00e1 feita automaticamente na data marcada.<\/p>\n\n\n\n<p>A data de pagamento da terceira parcela deve ser divulgada em duas semanas. Em coletiva de impressa desta sexta (29), o presidente da Caixa, Pedro Guimar\u00e3es, disse que a din\u00e2mica do novo calend\u00e1rio depende de como ser\u00e1 a pr\u00f3xima semana, &#8220;se ir\u00e1 se confirmar a redu\u00e7\u00e3o das filas&#8221;.<\/p>\n\n\n\n<p>&#8220;N\u00f3s entendemos que haver\u00e1 uma necessidade menor das pessoas irem \u00e0s ag\u00eancias, porque elas poder\u00e3o comprar com o celular em supermercados, farm\u00e1cias. Se estivermos certos, replicaremos o calend\u00e1rio na terceira parcela&#8221;, afirmou Guimar\u00e3es.<\/p>\n\n\n\n<p>Ele se referiu ao sistema de QR code, um gerador de c\u00f3digos que podem ser lidos pela c\u00e2mera do celular, que foi liberado para o Caixa Tem nesta sexta-feira.<br>Para usar esta forma de pagamento o benefici\u00e1rio precisar\u00e1 selecionar a op\u00e7\u00e3o no aplicativo e apontar a c\u00e2mera do celular para a tela da m\u00e1quina de cart\u00e3o do estabelecimento onde est\u00e1 fazendo a compra.<\/p>\n\n\n\n<p>At\u00e9 o momento, o servi\u00e7o est\u00e1 dispon\u00edvel em maquininhas Elo e Getnet.<\/p>\n","protected":false},"excerpt":{"rendered":"<p>O saque em dinheiro deste lote para quem tem a poupan\u00e7a social e demais p\u00fablicos (e que tenha recebido a primeira parcela at\u00e9 30 de&hellip; <\/p>\n","protected":false},"author":2,"featured_media":172447,"comment_status":"closed","ping_status":"closed","sticky":false,"template":"","format":"standard","meta":{"sfsi_plus_gutenberg_text_before_share":"","sfsi_plus_gutenberg_show_text_before_share":"","sfsi_plus_gutenberg_icon_type":"","sfsi_plus_gutenberg_icon_alignemt":"","sfsi_plus_gutenburg_max_per_row":"","footnotes":""},"categories":[2],"tags":[],"class_list":["post-172446","post","type-post","status-publish","format-standard","has-post-thumbnail","hentry","category-geral"],"_links":{"self":[{"href":"https:\/\/www.caririemacao.com\/1\/wp-json\/wp\/v2\/posts\/172446","targetHints":{"allow":["GET"]}}],"collection":[{"href":"https:\/\/www.caririemacao.com\/1\/wp-json\/wp\/v2\/posts"}],"about":[{"href":"https:\/\/www.caririemacao.com\/1\/wp-json\/wp\/v2\/types\/post"}],"author":[{"embeddable":true,"href":"https:\/\/www.caririemacao.com\/1\/wp-json\/wp\/v2\/users\/2"}],"replies":[{"embeddable":true,"href":"https:\/\/www.caririemacao.com\/1\/wp-json\/wp\/v2\/comments?post=172446"}],"version-history":[{"count":1,"href":"https:\/\/www.caririemacao.com\/1\/wp-json\/wp\/v2\/posts\/172446\/revisions"}],"predecessor-version":[{"id":172448,"href":"https:\/\/www.caririemacao.com\/1\/wp-json\/wp\/v2\/posts\/172446\/revisions\/172448"}],"wp:featuredmedia":[{"embeddable":true,"href":"https:\/\/www.caririemacao.com\/1\/wp-json\/wp\/v2\/media\/172447"}],"wp:attachment":[{"href":"https:\/\/www.caririemacao.com\/1\/wp-json\/wp\/v2\/media?parent=172446"}],"wp:term":[{"taxonomy":"category","embeddable":true,"href":"https:\/\/www.caririemacao.com\/1\/wp-json\/wp\/v2\/categories?post=172446"},{"taxonomy":"post_tag","embeddable":true,"href":"https:\/\/www.caririemacao.com\/1\/wp-json\/wp\/v2\/tags?post=172446"}],"curies":[{"name":"wp","href":"https:\/\/api.w.org\/{rel}","templated":true}]}}