{"id":172453,"date":"2020-06-02T07:28:33","date_gmt":"2020-06-02T10:28:33","guid":{"rendered":"https:\/\/www.caririemacao.com\/1\/?p=172453"},"modified":"2020-06-02T07:28:33","modified_gmt":"2020-06-02T10:28:33","slug":"ministerios-publicos-recomendam-protocolo-para-proteger-maes-e-recem-nascidos-da-pandemia-do-covid-19-em-maternidades-da-paraiba","status":"publish","type":"post","link":"https:\/\/www.caririemacao.com\/1\/2020\/06\/02\/ministerios-publicos-recomendam-protocolo-para-proteger-maes-e-recem-nascidos-da-pandemia-do-covid-19-em-maternidades-da-paraiba\/","title":{"rendered":"Minist\u00e9rios P\u00fablicos recomendam protocolo para proteger m\u00e3es e rec\u00e9m-nascidos da pandemia do covid-19 em maternidades da Para\u00edba"},"content":{"rendered":"\n<h1 class=\"wp-block-heading\"><\/h1>\n\n\n\n<p>O Minist\u00e9rio P\u00fablico da Para\u00edba (MPPB) e o Minist\u00e9rio P\u00fablico Federal (MPF) recomendaram nesta segunda-feira (1) ao secret\u00e1rio de Sa\u00fade de Jo\u00e3o Pessoa, Adalberto Fulg\u00eancio, e \u00e0s dire\u00e7\u00f5es das maternidades Instituto C\u00e2ndida Vargas, Hospital Edson Ramalho, Frei Dami\u00e3o e Hospital Universit\u00e1rio Lauro Wanderley a ado\u00e7\u00e3o de medidas capazes de garantir a aten\u00e7\u00e3o integral \u00e0s gestantes e pu\u00e9rperas, durante a pandemia da covid-19, e prevenir o cont\u00e1gio do novo coronav\u00edrus a essas pacientes e seus beb\u00eas.<\/p>\n\n\n\n<p>Segundo os Minist\u00e9rios P\u00fablicos, o Munic\u00edpio de Jo\u00e3o Pessoa dever\u00e1 fiscalizar as medidas adotadas pelos servi\u00e7os de aten\u00e7\u00e3o obst\u00e9trica do SUS, conveniados e privados, que atuam na capital. A secretaria e as dire\u00e7\u00f5es das maternidades t\u00eam cinco dias (a contar do recebimento da recomenda\u00e7\u00e3o) para informar ao MP as medidas efetivamente adotadas sobre o assunto.<\/p>\n\n\n\n<p>Dentre as medidas que dever\u00e3o ser adotadas est\u00e3o a diminui\u00e7\u00e3o do contato dessas pacientes com outras pessoas e profissionais durante o pr\u00e9-natal e os atendimentos obst\u00e9tricos (os contatos dever\u00e3o ser restritos a atendimentos indispens\u00e1veis e procedimentos essenciais, com base nas melhores evid\u00eancias cient\u00edficas); o isolamento da \u00e1rea de atendimento \u00e0s gestantes em rela\u00e7\u00e3o \u00e0s demais \u00e1reas da unidade de sa\u00fade (com a garantia de espa\u00e7amento de hor\u00e1rios, distanciamento m\u00ednimo, disponibiliza\u00e7\u00e3o de \u00e1lcool em gel 70%) e o acolhimento, orienta\u00e7\u00e3o e triagem de sintomas antes da consulta.<\/p>\n\n\n\n<p>A recomenda\u00e7\u00e3o ministerial conjunta foi expedida pelas promotoras de Justi\u00e7a de Defesa da Sa\u00fade da capital, Jovana Tabosa e Maria das Gra\u00e7as Azevedo, e pelo procurador da Rep\u00fablica, Jos\u00e9 Guilherme Ferraz com base nas&nbsp;notas t\u00e9cnicas do Minist\u00e9rio da Sa\u00fade&nbsp;<a href=\"https:\/\/www.clickpb.com.br\/media\/filer_public\/94\/42\/9442cafb-ddc1-459d-b32e-aaf9bdcd78ae\/nota-t-cnica-n-9-2020-cgahd-dahu-saes.pdf\">09\/2020<\/a>&nbsp;e a&nbsp;<a href=\"https:\/\/www.clickpb.com.br\/media\/filer_public\/18\/ed\/18ed1562-de4d-45bf-845a-48b0b94ee6fb\/sei_ms-0014496630-nota-tecnica-4_18042020.pdf\">12\/2020<\/a>que versam sobre a aten\u00e7\u00e3o \u00e0s gestantes nos servi\u00e7os de sa\u00fade em geral, no contexto da pandemia da covid-19, e no Protocolo de Manejo Cl\u00ednico da covid-19 na aten\u00e7\u00e3o especializada.<\/p>\n\n\n\n<p>Ao secret\u00e1rio, foi recomendada a elabora\u00e7\u00e3o de protocolo de atendimento pr\u00e9-natal, parto e p\u00f3s-parto, voltado para o cen\u00e1rio epidemiol\u00f3gico local, que dever\u00e1 ser aplicado pelos servi\u00e7os para reduzir os riscos de transmiss\u00e3o do coronav\u00edrus \u00e0s mulheres gestantes e pu\u00e9rperas, conforme recomenda\u00e7\u00f5es do Minist\u00e9rio da Sa\u00fade.<\/p>\n\n\n\n<p>Conforme explicaram as promotoras de Justi\u00e7a e o procurador da Rep\u00fablica, a secretaria municipal e as maternidades p\u00fablicas localizadas em Jo\u00e3o Pessoa dever\u00e3o observar as recomenda\u00e7\u00f5es do Minist\u00e9rio da Sa\u00fade sobre a alta segura das pacientes no p\u00f3s-parto e contracep\u00e7\u00e3o no p\u00f3s-parto, previstas na Nota T\u00e9cnica n\u00b0 13\/2020, orientando as pu\u00e9rperas com suspeita ou confirma\u00e7\u00e3o para covid-19 sobre o autocuidado e os cuidados com o rec\u00e9m-nascido.<\/p>\n\n\n\n<p>As dire\u00e7\u00f5es das maternidades dever\u00e3o adotar todas as medidas necess\u00e1rias para reduzir o risco de cont\u00e1gio da covid-19, disponibilizando contato telef\u00f4nico direto e\/ou outros meios remotos de comunica\u00e7\u00e3o \u00e0s gestantes, para otimizar o comparecimento \u00e0 unidade de sa\u00fade, al\u00e9m capacitar todos os profissionais de sa\u00fade atuantes na aten\u00e7\u00e3o materno-infantil &#8211; desde a recep\u00e7\u00e3o e em especial na aten\u00e7\u00e3o ao pr\u00e9-natal, parto e p\u00f3s-parto -, para que atuem de acordo com o protocolo institucional em face do novo coronav\u00edrus.<\/p>\n\n\n\n<p>A secretaria dever\u00e1 providenciar a padroniza\u00e7\u00e3o das informa\u00e7\u00f5es e documentos a serem apresentados pelos servi\u00e7os em caso de encaminhamento de pacientes via regula\u00e7\u00e3o estadual para leitos especializados de atendimento para gestantes com suspeita ou confirma\u00e7\u00e3o de covid-19 e fazer a capacita\u00e7\u00e3o de todos os profissionais que atuam na aten\u00e7\u00e3o b\u00e1sica para que atuem em face do coronav\u00edrus quanto ao grupo de risco de gestantes e pu\u00e9rperas, buscando, para tanto, sempre que necess\u00e1rio, aux\u00edlio t\u00e9cnico das respectivas regionais de sa\u00fade.<\/p>\n","protected":false},"excerpt":{"rendered":"<p>O Minist\u00e9rio P\u00fablico da Para\u00edba (MPPB) e o Minist\u00e9rio P\u00fablico Federal (MPF) recomendaram nesta segunda-feira (1) ao secret\u00e1rio de Sa\u00fade de Jo\u00e3o Pessoa, Adalberto Fulg\u00eancio,&hellip; <\/p>\n","protected":false},"author":2,"featured_media":172454,"comment_status":"closed","ping_status":"closed","sticky":false,"template":"","format":"standard","meta":{"sfsi_plus_gutenberg_text_before_share":"","sfsi_plus_gutenberg_show_text_before_share":"","sfsi_plus_gutenberg_icon_type":"","sfsi_plus_gutenberg_icon_alignemt":"","sfsi_plus_gutenburg_max_per_row":"","footnotes":""},"categories":[16],"tags":[],"class_list":["post-172453","post","type-post","status-publish","format-standard","has-post-thumbnail","hentry","category-saude"],"_links":{"self":[{"href":"https:\/\/www.caririemacao.com\/1\/wp-json\/wp\/v2\/posts\/172453","targetHints":{"allow":["GET"]}}],"collection":[{"href":"https:\/\/www.caririemacao.com\/1\/wp-json\/wp\/v2\/posts"}],"about":[{"href":"https:\/\/www.caririemacao.com\/1\/wp-json\/wp\/v2\/types\/post"}],"author":[{"embeddable":true,"href":"https:\/\/www.caririemacao.com\/1\/wp-json\/wp\/v2\/users\/2"}],"replies":[{"embeddable":true,"href":"https:\/\/www.caririemacao.com\/1\/wp-json\/wp\/v2\/comments?post=172453"}],"version-history":[{"count":1,"href":"https:\/\/www.caririemacao.com\/1\/wp-json\/wp\/v2\/posts\/172453\/revisions"}],"predecessor-version":[{"id":172455,"href":"https:\/\/www.caririemacao.com\/1\/wp-json\/wp\/v2\/posts\/172453\/revisions\/172455"}],"wp:featuredmedia":[{"embeddable":true,"href":"https:\/\/www.caririemacao.com\/1\/wp-json\/wp\/v2\/media\/172454"}],"wp:attachment":[{"href":"https:\/\/www.caririemacao.com\/1\/wp-json\/wp\/v2\/media?parent=172453"}],"wp:term":[{"taxonomy":"category","embeddable":true,"href":"https:\/\/www.caririemacao.com\/1\/wp-json\/wp\/v2\/categories?post=172453"},{"taxonomy":"post_tag","embeddable":true,"href":"https:\/\/www.caririemacao.com\/1\/wp-json\/wp\/v2\/tags?post=172453"}],"curies":[{"name":"wp","href":"https:\/\/api.w.org\/{rel}","templated":true}]}}