{"id":172461,"date":"2020-06-02T07:33:48","date_gmt":"2020-06-02T10:33:48","guid":{"rendered":"https:\/\/www.caririemacao.com\/1\/?p=172461"},"modified":"2020-06-02T07:33:48","modified_gmt":"2020-06-02T10:33:48","slug":"governo-anuncia-ferramenta-para-quem-teve-auxilio-emergencial-negado","status":"publish","type":"post","link":"https:\/\/www.caririemacao.com\/1\/2020\/06\/02\/governo-anuncia-ferramenta-para-quem-teve-auxilio-emergencial-negado\/","title":{"rendered":"Governo anuncia ferramenta para quem teve aux\u00edlio emergencial negado"},"content":{"rendered":"\n<h1 class=\"wp-block-heading\"><\/h1>\n\n\n\n<p>O ministro da Cidadania, Onyx Lorenzoni, anunciou a cria\u00e7\u00e3o de uma ferramenta de contesta\u00e7\u00e3o para pessoas que tiveram o aux\u00edlio emergencial de R$ 600 negado anteriormente. O governo calcula que o sistema deve beneficiar mais cerca de cinco milh\u00f5es de brasileiros.<\/p>\n\n\n\n<p>\u201cN\u00f3s estamos construindo o que chamamos de \u2018esteira de contesta\u00e7\u00e3o\u2019, que vai ser pelo n\u00famero 121, mas que ainda n\u00e3o est\u00e1 pronto\u201d, disse Onyx, sem entrar em detalhes, durante entrevista ao \u201cBrasil Urgente\u201d, da TV Bandeirantes.<\/p>\n\n\n\n<p>A nova ferramenta deve ser anunciada pelo governo at\u00e9 o final desta semana.<\/p>\n\n\n\n<p>Lan\u00e7ado em abril para assegurar uma renda para trabalhadores informais e fam\u00edlias de baixa renda em meio \u00e0 pandemia do novo coronav\u00edrus, o aux\u00edlio emergencial do governo federal soma cerca de R$ 123 bilh\u00f5es em recursos or\u00e7ament\u00e1rios. O benef\u00edcio ser\u00e1 pago, inicialmente, em tr\u00eas parcelas. No momento, o governo executa o pagamento da segunda parcela do programa.<\/p>\n\n\n\n<p><strong>Como sacar o aux\u00edlio emergencial?<\/strong><\/p>\n\n\n\n<p>Os benefici\u00e1rios do Bolsa Fam\u00edlia recebem o valor do aux\u00edlio por meio do cart\u00e3o do Programa Bolsa Fam\u00edlia, Cart\u00e3o Cidad\u00e3o ou por cr\u00e9dito em conta da Caixa.<\/p>\n\n\n\n<p><strong>Quem tem direito ao aux\u00edlio emergencial?<\/strong><\/p>\n\n\n\n<p>Para receber o aux\u00edlio, \u00e9 necess\u00e1rio ter mais de 18 anos, com exce\u00e7\u00e3o das m\u00e3es. Poder\u00e3o receber:<\/p>\n\n\n\n<p>trabalhadores informais de qualquer tipo, inclusive intermitentes sem carteira assinada<br>desempregados<br>MEIs (microempreendedores individuais)<br>contribuintes individuais da Previd\u00eancia<br>Al\u00e9m de se enquadrar em um desses casos, a pessoa deve estar dentro dos limites de renda estabelecidos na lei. Pode receber quem:<\/p>\n\n\n\n<p>tem fam\u00edlia com renda mensal total de at\u00e9 tr\u00eas sal\u00e1rios m\u00ednimos (R$ 3.135) ou com renda per capita (por membro da fam\u00edlia) de at\u00e9 meio sal\u00e1rio m\u00ednimo (R$ 522,50)<br>teve rendimentos tribut\u00e1veis de at\u00e9 R$ 28.559,70 em 2018 (conforme declara\u00e7\u00e3o do Imposto de Renda feita em 2019)<br>Quais s\u00e3o os valores do aux\u00edlio?<\/p>\n\n\n\n<p>Cada pessoa que tiver direito deve receber R$ 600 por m\u00eas, durante tr\u00eas meses. A mulher que sustenta o lar sozinha ter\u00e1 direito a R$ 1.200 em cada parcela.<\/p>\n\n\n\n<p>Cada fam\u00edlia pode acumular, no m\u00e1ximo, dois benef\u00edcios, podendo chegar a R$ 1.800 por m\u00eas.<\/p>\n\n\n\n<p>Quem recebe o Bolsa Fam\u00edlia n\u00e3o pode acumular o benef\u00edcio com o aux\u00edlio emergencial. A pessoa receber\u00e1 o que for maior.<\/p>\n","protected":false},"excerpt":{"rendered":"<p>O ministro da Cidadania, Onyx Lorenzoni, anunciou a cria\u00e7\u00e3o de uma ferramenta de contesta\u00e7\u00e3o para pessoas que tiveram o aux\u00edlio emergencial de R$ 600 negado&hellip; <\/p>\n","protected":false},"author":2,"featured_media":169696,"comment_status":"closed","ping_status":"closed","sticky":false,"template":"","format":"standard","meta":{"sfsi_plus_gutenberg_text_before_share":"","sfsi_plus_gutenberg_show_text_before_share":"","sfsi_plus_gutenberg_icon_type":"","sfsi_plus_gutenberg_icon_alignemt":"","sfsi_plus_gutenburg_max_per_row":"","footnotes":""},"categories":[2],"tags":[],"class_list":["post-172461","post","type-post","status-publish","format-standard","has-post-thumbnail","hentry","category-geral"],"_links":{"self":[{"href":"https:\/\/www.caririemacao.com\/1\/wp-json\/wp\/v2\/posts\/172461","targetHints":{"allow":["GET"]}}],"collection":[{"href":"https:\/\/www.caririemacao.com\/1\/wp-json\/wp\/v2\/posts"}],"about":[{"href":"https:\/\/www.caririemacao.com\/1\/wp-json\/wp\/v2\/types\/post"}],"author":[{"embeddable":true,"href":"https:\/\/www.caririemacao.com\/1\/wp-json\/wp\/v2\/users\/2"}],"replies":[{"embeddable":true,"href":"https:\/\/www.caririemacao.com\/1\/wp-json\/wp\/v2\/comments?post=172461"}],"version-history":[{"count":1,"href":"https:\/\/www.caririemacao.com\/1\/wp-json\/wp\/v2\/posts\/172461\/revisions"}],"predecessor-version":[{"id":172462,"href":"https:\/\/www.caririemacao.com\/1\/wp-json\/wp\/v2\/posts\/172461\/revisions\/172462"}],"wp:featuredmedia":[{"embeddable":true,"href":"https:\/\/www.caririemacao.com\/1\/wp-json\/wp\/v2\/media\/169696"}],"wp:attachment":[{"href":"https:\/\/www.caririemacao.com\/1\/wp-json\/wp\/v2\/media?parent=172461"}],"wp:term":[{"taxonomy":"category","embeddable":true,"href":"https:\/\/www.caririemacao.com\/1\/wp-json\/wp\/v2\/categories?post=172461"},{"taxonomy":"post_tag","embeddable":true,"href":"https:\/\/www.caririemacao.com\/1\/wp-json\/wp\/v2\/tags?post=172461"}],"curies":[{"name":"wp","href":"https:\/\/api.w.org\/{rel}","templated":true}]}}