{"id":172464,"date":"2020-06-02T07:38:47","date_gmt":"2020-06-02T10:38:47","guid":{"rendered":"https:\/\/www.caririemacao.com\/1\/?p=172464"},"modified":"2020-06-02T07:38:47","modified_gmt":"2020-06-02T10:38:47","slug":"ufpb-readequa-prazo-para-matriculas-de-alunos-apos-instabilidade-de-sistema","status":"publish","type":"post","link":"https:\/\/www.caririemacao.com\/1\/2020\/06\/02\/ufpb-readequa-prazo-para-matriculas-de-alunos-apos-instabilidade-de-sistema\/","title":{"rendered":"UFPB readequa prazo para matr\u00edculas de alunos ap\u00f3s instabilidade de sistema"},"content":{"rendered":"\n<h3 class=\"wp-block-heading\"><\/h3>\n\n\n\n<hr class=\"wp-block-separator\"\/>\n\n\n\n<p>A Universidade Federal da Para\u00edba (UFPB) anunciou, no in\u00edcio da noite desta segunda-feira (1), que as matr\u00edculas em componentes curriculares ser\u00e3o reabertas nesta ter\u00e7a-feira (2), a partir das 10h, e poder\u00e3o ser realizadas at\u00e9 a pr\u00f3xima quinta-feira (4).<\/p>\n\n\n\n<p>Segundo a UFPB, a suspens\u00e3o tempor\u00e1ria foi causada pela instabilidade no Sistema Integrado de Gest\u00e3o Acad\u00eamica (SIGAA). As solicita\u00e7\u00f5es de matr\u00edculas j\u00e1 realizadas n\u00e3o ser\u00e3o canceladas.<\/p>\n\n\n\n<p>Informa, tamb\u00e9m, que a oferta de componentes curriculares no calend\u00e1rio suplementar, dada a excepcionalidade e o pouco tempo para ajustes do SIGAA, foi concebida a partir do que est\u00e1 disposto nos Artigos 205 e 206 da Resolu\u00e7\u00e3o 16\/2015\/CONSEPE.<\/p>\n","protected":false},"excerpt":{"rendered":"<p>A Universidade Federal da Para\u00edba (UFPB) anunciou, no in\u00edcio da noite desta segunda-feira (1), que as matr\u00edculas em componentes curriculares ser\u00e3o reabertas nesta ter\u00e7a-feira (2),&hellip; <\/p>\n","protected":false},"author":2,"featured_media":172465,"comment_status":"closed","ping_status":"closed","sticky":false,"template":"","format":"standard","meta":{"sfsi_plus_gutenberg_text_before_share":"","sfsi_plus_gutenberg_show_text_before_share":"","sfsi_plus_gutenberg_icon_type":"","sfsi_plus_gutenberg_icon_alignemt":"","sfsi_plus_gutenburg_max_per_row":"","footnotes":""},"categories":[2],"tags":[],"class_list":["post-172464","post","type-post","status-publish","format-standard","has-post-thumbnail","hentry","category-geral"],"_links":{"self":[{"href":"https:\/\/www.caririemacao.com\/1\/wp-json\/wp\/v2\/posts\/172464","targetHints":{"allow":["GET"]}}],"collection":[{"href":"https:\/\/www.caririemacao.com\/1\/wp-json\/wp\/v2\/posts"}],"about":[{"href":"https:\/\/www.caririemacao.com\/1\/wp-json\/wp\/v2\/types\/post"}],"author":[{"embeddable":true,"href":"https:\/\/www.caririemacao.com\/1\/wp-json\/wp\/v2\/users\/2"}],"replies":[{"embeddable":true,"href":"https:\/\/www.caririemacao.com\/1\/wp-json\/wp\/v2\/comments?post=172464"}],"version-history":[{"count":1,"href":"https:\/\/www.caririemacao.com\/1\/wp-json\/wp\/v2\/posts\/172464\/revisions"}],"predecessor-version":[{"id":172466,"href":"https:\/\/www.caririemacao.com\/1\/wp-json\/wp\/v2\/posts\/172464\/revisions\/172466"}],"wp:featuredmedia":[{"embeddable":true,"href":"https:\/\/www.caririemacao.com\/1\/wp-json\/wp\/v2\/media\/172465"}],"wp:attachment":[{"href":"https:\/\/www.caririemacao.com\/1\/wp-json\/wp\/v2\/media?parent=172464"}],"wp:term":[{"taxonomy":"category","embeddable":true,"href":"https:\/\/www.caririemacao.com\/1\/wp-json\/wp\/v2\/categories?post=172464"},{"taxonomy":"post_tag","embeddable":true,"href":"https:\/\/www.caririemacao.com\/1\/wp-json\/wp\/v2\/tags?post=172464"}],"curies":[{"name":"wp","href":"https:\/\/api.w.org\/{rel}","templated":true}]}}