{"id":172468,"date":"2020-06-02T07:42:12","date_gmt":"2020-06-02T10:42:12","guid":{"rendered":"https:\/\/www.caririemacao.com\/1\/?p=172468"},"modified":"2020-06-02T07:42:12","modified_gmt":"2020-06-02T10:42:12","slug":"toffoli-marca-para-dia-10-julgamento-de-acao-que-contesta-inquerito-das-fake-news","status":"publish","type":"post","link":"https:\/\/www.caririemacao.com\/1\/2020\/06\/02\/toffoli-marca-para-dia-10-julgamento-de-acao-que-contesta-inquerito-das-fake-news\/","title":{"rendered":"Toffoli marca para dia 10 julgamento de a\u00e7\u00e3o que contesta inqu\u00e9rito das fake news"},"content":{"rendered":"\n<h3 class=\"wp-block-heading\"><\/h3>\n\n\n\n<p><\/p>\n\n\n\n<hr class=\"wp-block-separator\"\/>\n\n\n\n<p>O presidente do STF, ministro Dias Toffoli, marcou para o pr\u00f3ximo dia 10 o julgamento em plen\u00e1rio de a\u00e7\u00e3o que questiona o inqu\u00e9rito das fake news, que apura a cria\u00e7\u00e3o e dissemina\u00e7\u00e3o de fake news nas redes sociais.<\/p>\n\n\n\n<p>A a\u00e7\u00e3o foi apresentada pelo partido Rede Sustentabilidade em 23 de mar\u00e7o de 2019. A sigla argumenta que o inqu\u00e9rito foi instaurado de of\u00edcio por Toffoli, sem que a PGR tenha provocado.<\/p>\n\n\n\n<p>Na semana passada, o ministro Edson Fachin, relator da a\u00e7\u00e3o da Rede, havia pedido que o processo fosse pautado pela presid\u00eancia do STF.<\/p>\n\n\n\n<p>Na \u00faltima quarta-feira (27) a Pol\u00edcia Federal cumpriu dilig\u00eancias sobre o inqu\u00e9rito que tiveram como alvo 29 pessoas suspeitas de integrar uma rede de propaga\u00e7\u00e3o de informa\u00e7\u00f5es fraudulentas.<\/p>\n","protected":false},"excerpt":{"rendered":"<p>O presidente do STF, ministro Dias Toffoli, marcou para o pr\u00f3ximo dia 10 o julgamento em plen\u00e1rio de a\u00e7\u00e3o que questiona o inqu\u00e9rito das fake&hellip; <\/p>\n","protected":false},"author":2,"featured_media":172469,"comment_status":"closed","ping_status":"closed","sticky":false,"template":"","format":"standard","meta":{"sfsi_plus_gutenberg_text_before_share":"","sfsi_plus_gutenberg_show_text_before_share":"","sfsi_plus_gutenberg_icon_type":"","sfsi_plus_gutenberg_icon_alignemt":"","sfsi_plus_gutenburg_max_per_row":"","footnotes":""},"categories":[2],"tags":[],"class_list":["post-172468","post","type-post","status-publish","format-standard","has-post-thumbnail","hentry","category-geral"],"_links":{"self":[{"href":"https:\/\/www.caririemacao.com\/1\/wp-json\/wp\/v2\/posts\/172468","targetHints":{"allow":["GET"]}}],"collection":[{"href":"https:\/\/www.caririemacao.com\/1\/wp-json\/wp\/v2\/posts"}],"about":[{"href":"https:\/\/www.caririemacao.com\/1\/wp-json\/wp\/v2\/types\/post"}],"author":[{"embeddable":true,"href":"https:\/\/www.caririemacao.com\/1\/wp-json\/wp\/v2\/users\/2"}],"replies":[{"embeddable":true,"href":"https:\/\/www.caririemacao.com\/1\/wp-json\/wp\/v2\/comments?post=172468"}],"version-history":[{"count":1,"href":"https:\/\/www.caririemacao.com\/1\/wp-json\/wp\/v2\/posts\/172468\/revisions"}],"predecessor-version":[{"id":172470,"href":"https:\/\/www.caririemacao.com\/1\/wp-json\/wp\/v2\/posts\/172468\/revisions\/172470"}],"wp:featuredmedia":[{"embeddable":true,"href":"https:\/\/www.caririemacao.com\/1\/wp-json\/wp\/v2\/media\/172469"}],"wp:attachment":[{"href":"https:\/\/www.caririemacao.com\/1\/wp-json\/wp\/v2\/media?parent=172468"}],"wp:term":[{"taxonomy":"category","embeddable":true,"href":"https:\/\/www.caririemacao.com\/1\/wp-json\/wp\/v2\/categories?post=172468"},{"taxonomy":"post_tag","embeddable":true,"href":"https:\/\/www.caririemacao.com\/1\/wp-json\/wp\/v2\/tags?post=172468"}],"curies":[{"name":"wp","href":"https:\/\/api.w.org\/{rel}","templated":true}]}}