{"id":17247,"date":"2017-04-05T12:03:44","date_gmt":"2017-04-05T15:03:44","guid":{"rendered":"http:\/\/caririemacao.com\/1\/?p=17247"},"modified":"2017-04-05T12:03:44","modified_gmt":"2017-04-05T15:03:44","slug":"ricardo-diz-que-governo-da-pb-vai-fazer-a-obra-do-seculo","status":"publish","type":"post","link":"https:\/\/www.caririemacao.com\/1\/2017\/04\/05\/ricardo-diz-que-governo-da-pb-vai-fazer-a-obra-do-seculo\/","title":{"rendered":"Ricardo diz que Governo da PB vai fazer \u201ca obra do s\u00e9culo\u201d"},"content":{"rendered":"<p>\u201cA obra do s\u00e9culo\u201d. O governador Ricardo Coutinho (PSB) anunciou, nesta ter\u00e7a-feira (04), durante coletiva de imprensa no Pal\u00e1cio da Reden\u00e7\u00e3o, que o Governo do Estado, atrav\u00e9s da Cagepa, far\u00e1 com recursos pr\u00f3prios uma obra que vai beneficiar com as \u00e1guas do Rio S\u00e3o Francisco toda a regi\u00e3o do Curimata\u00fa.<\/p>\n<p>\u201cN\u00f3s vamos fazer a obra do s\u00e9culo. Que \u00e9 levar as \u00e1guas do S\u00e3o Francisco at\u00e9 todo o Curimata\u00fa, n\u00f3s vamos fazer isso com recursos pr\u00f3prios e eu quero a Cagepa pra poder comandar essa obra e distribuir a \u00e1gua\u201d, declarou.<\/p>\n<p>Ricardo disse que est\u00e1 cansado de esperar por promessas que n\u00e3o s\u00e3o cumpridas e criticou o que ele chamou de \u201cjoguinho da pol\u00edtica partid\u00e1ria\u201d.<\/p>\n<p>\u201cN\u00f3s vamos fazer com recursos pr\u00f3prios. Porque eu t\u00f4 cansado de esperar promessas que n\u00e3o s\u00e3o cumpridas. Eu to cansado de esperar coisas como emendas impositivas, que poderiam vir para o Estado porque \u00e9 o Estado quem representa todo mundo. N\u00e3o \u00e9 prefeitura A e B n\u00e3o, que fica participando do joguinho da pol\u00edtica partid\u00e1ria. \u00c9 o Estado\u201d, criticou Ricardo.<\/p>\n<p><strong><span style=\"font-family: 'Georgia','serif'; color: #333333;\">CARIRI EM A\u00c7\u00c3O\u00a0<\/span><\/strong><\/p>\n<p><span style=\"font-family: 'Georgia','serif'; color: #333333;\">Com Para\u00edba J\u00e1\/Foto: Reprodu\u00e7\u00e3o<\/span><\/p>\n<p><strong><span style=\"font-family: 'Georgia','serif'; color: #333333;\">Leia mais not\u00edcias em\u00a0<\/span><\/strong><a href=\"http:\/\/www.caririemacao.com\/\"><strong><span style=\"font-family: 'Georgia','serif';\">caririemacao.com<\/span><\/strong><\/a><strong><span style=\"font-family: 'Georgia','serif'; color: #333333;\">, siga nossa p\u00e1gina no<\/span><\/strong><a href=\"https:\/\/www.facebook.com\/CaririEmAcao\/\"><strong><span style=\"font-family: 'Georgia','serif';\">\u00a0Facebook<\/span><\/strong><\/a><strong><span style=\"font-family: 'Georgia','serif'; color: #333333;\">\u00a0e\u00a0<a href=\"https:\/\/www.instagram.com\/cariri_em_acao\/?hl=pt-br\">Instagram<\/a>\u00a0veja nossas mat\u00e9rias e fotos. Voc\u00ea tamb\u00e9m pode enviar informa\u00e7\u00f5es \u00e0 Reda\u00e7\u00e3o do Portal Cariri em A\u00e7\u00e3o pelo WhatsApp (83) 9 9634.5791, (83) 9 9601-1162 ou (83) 9 994189.<\/span><\/strong><\/p>\n","protected":false},"excerpt":{"rendered":"<p>\u201cA obra do s\u00e9culo\u201d. O governador Ricardo Coutinho (PSB) anunciou, nesta ter\u00e7a-feira (04), durante coletiva de imprensa no Pal\u00e1cio da Reden\u00e7\u00e3o, que o Governo do&hellip; <\/p>\n","protected":false},"author":2,"featured_media":17248,"comment_status":"closed","ping_status":"closed","sticky":false,"template":"","format":"standard","meta":{"sfsi_plus_gutenberg_text_before_share":"","sfsi_plus_gutenberg_show_text_before_share":"","sfsi_plus_gutenberg_icon_type":"","sfsi_plus_gutenberg_icon_alignemt":"","sfsi_plus_gutenburg_max_per_row":"","footnotes":""},"categories":[11],"tags":[],"class_list":["post-17247","post","type-post","status-publish","format-standard","has-post-thumbnail","hentry","category-politica"],"_links":{"self":[{"href":"https:\/\/www.caririemacao.com\/1\/wp-json\/wp\/v2\/posts\/17247","targetHints":{"allow":["GET"]}}],"collection":[{"href":"https:\/\/www.caririemacao.com\/1\/wp-json\/wp\/v2\/posts"}],"about":[{"href":"https:\/\/www.caririemacao.com\/1\/wp-json\/wp\/v2\/types\/post"}],"author":[{"embeddable":true,"href":"https:\/\/www.caririemacao.com\/1\/wp-json\/wp\/v2\/users\/2"}],"replies":[{"embeddable":true,"href":"https:\/\/www.caririemacao.com\/1\/wp-json\/wp\/v2\/comments?post=17247"}],"version-history":[{"count":0,"href":"https:\/\/www.caririemacao.com\/1\/wp-json\/wp\/v2\/posts\/17247\/revisions"}],"wp:featuredmedia":[{"embeddable":true,"href":"https:\/\/www.caririemacao.com\/1\/wp-json\/wp\/v2\/media\/17248"}],"wp:attachment":[{"href":"https:\/\/www.caririemacao.com\/1\/wp-json\/wp\/v2\/media?parent=17247"}],"wp:term":[{"taxonomy":"category","embeddable":true,"href":"https:\/\/www.caririemacao.com\/1\/wp-json\/wp\/v2\/categories?post=17247"},{"taxonomy":"post_tag","embeddable":true,"href":"https:\/\/www.caririemacao.com\/1\/wp-json\/wp\/v2\/tags?post=17247"}],"curies":[{"name":"wp","href":"https:\/\/api.w.org\/{rel}","templated":true}]}}