{"id":172472,"date":"2020-06-02T07:57:14","date_gmt":"2020-06-02T10:57:14","guid":{"rendered":"https:\/\/www.caririemacao.com\/1\/?p=172472"},"modified":"2020-06-02T07:57:14","modified_gmt":"2020-06-02T10:57:14","slug":"eua-envia-dois-milhoes-de-doses-de-hidroxicloroquina-para-o-brasil","status":"publish","type":"post","link":"https:\/\/www.caririemacao.com\/1\/2020\/06\/02\/eua-envia-dois-milhoes-de-doses-de-hidroxicloroquina-para-o-brasil\/","title":{"rendered":"EUA envia dois milh\u00f5es de doses de hidroxicloroquina para o Brasil"},"content":{"rendered":"\n<h3 class=\"wp-block-heading\"><\/h3>\n\n\n\n<hr class=\"wp-block-separator\"\/>\n\n\n\n<p>O Minist\u00e9rio das Rela\u00e7\u00f5es Exteriores informou que o governo dos Estados Unidos entregou ao Brasil dois milh\u00f5es de doses de hidroxicloroquina, \u201ccomo demonstra\u00e7\u00e3o da solidariedade\u201d entre os dois pa\u00edses na luta contra o coronav\u00edrus. De acordo com nota divulgada este domingo (31) pelo Itamaraty, em breve, o pa\u00eds norte-americano tamb\u00e9m enviar\u00e1 mil ventiladores para o Brasil.<\/p>\n\n\n\n<p>\u201cA HCQ [hidroxicloroquina] ser\u00e1 usada como profil\u00e1tico para ajudar a defender enfermeiros, m\u00e9dicos e profissionais de sa\u00fade do Brasil contra o v\u00edrus. Ela tamb\u00e9m ser\u00e1 utilizada no tratamento de brasileiros infectados\u201d, diz a nota.<\/p>\n\n\n\n<p>O minist\u00e9rio tamb\u00e9m anunciou um esfor\u00e7o de pesquisa conjunto entre Brasil e Estados Unidos que incluir\u00e1 testes cl\u00ednicos controlados randomizados, para avaliar a seguran\u00e7a e efic\u00e1cia da droga, tanto para a profilaxia quanto para o tratamento precoce do novo coronav\u00edrus. O desenvolvimento de uma vacina tamb\u00e9m ser\u00e1 objeto desse esfor\u00e7o entre os dois pa\u00edses, conforme ressaltou o ministro das Rela\u00e7\u00f5es Exteriores, Ernesto Ara\u00fajo, no Twitter.<\/p>\n\n\n\n<p>\u201cTendo o presidente [Jair] Bolsonaro e o presidente [Donald] Trump conversado duas vezes desde mar\u00e7o, os dois pa\u00edses est\u00e3o bem posicionados para continuar seu trabalho conjunto no enfrentamento da pandemia do coronav\u00edrus, bem como em outros assuntos de import\u00e2ncia estrat\u00e9gica\u201d, finalizou o Itamaraty.<\/p>\n\n\n\n<h2 class=\"wp-block-heading\">OMS<\/h2>\n\n\n\n<p>Na semana passada, a Organiza\u00e7\u00e3o Mundial da Sa\u00fade (OMS)&nbsp;<a href=\"https:\/\/agenciabrasil.ebc.com.br\/internacional\/noticia\/2020-05\/oms-interrompe-ensaio-clinico-com-cloroquina-em-pacientes-com-covid-19\" target=\"_blank\" rel=\"noreferrer noopener\">suspendeu os testes com a hidroxicloroquina<\/a>&nbsp;em pacientes com covid-19 por quest\u00f5es de seguran\u00e7a. Anteriormente, a OMS j\u00e1 havia se manifestado contra o uso do medicamento contra a covid-19. Originalmente, a droga \u00e9 indicada para o tratamento de doen\u00e7as como mal\u00e1ria, l\u00fapus e artrite.<\/p>\n\n\n\n<p>Apesar de ser defendida pelos presidentes Bolsonaro e Trump como um poss\u00edvel tratamento para covid-19, segundo a OMS, ainda n\u00e3o h\u00e1 evid\u00eancias cient\u00edficas que comprovem o benef\u00edcio da cloroquina, e seu derivado hidroxicloroquina, contra a doen\u00e7a causada pelo novo coronav\u00edrus.<\/p>\n\n\n\n<p>Ainda assim, o governo brasileiro incluiu os medicamentos no&nbsp;<a href=\"https:\/\/agenciabrasil.ebc.com.br\/geral\/noticia\/2020-05\/governo-inclui-cloroquina-para-tratamento-de-casos-leves-de-covid-19\" target=\"_blank\" rel=\"noreferrer noopener\">protocolo de tratamento para pacientes com sintomas leves de covid-19<\/a>, mas alertou que eles podem causar efeitos colaterais como redu\u00e7\u00e3o dos gl\u00f3bulos brancos, disfun\u00e7\u00e3o do f\u00edgado, disfun\u00e7\u00e3o card\u00edaca e arritmias e altera\u00e7\u00f5es visuais por danos na retina. Cabe ao m\u00e9dico a decis\u00e3o sobre prescrever ou n\u00e3o a subst\u00e2ncia, sendo necess\u00e1ria tamb\u00e9m a vontade declarada do paciente, com a assinatura do Termo de Ci\u00eancia e Consentimento.<\/p>\n","protected":false},"excerpt":{"rendered":"<p>O Minist\u00e9rio das Rela\u00e7\u00f5es Exteriores informou que o governo dos Estados Unidos entregou ao Brasil dois milh\u00f5es de doses de hidroxicloroquina, \u201ccomo demonstra\u00e7\u00e3o da solidariedade\u201d&hellip; <\/p>\n","protected":false},"author":2,"featured_media":172473,"comment_status":"closed","ping_status":"closed","sticky":false,"template":"","format":"standard","meta":{"sfsi_plus_gutenberg_text_before_share":"","sfsi_plus_gutenberg_show_text_before_share":"","sfsi_plus_gutenberg_icon_type":"","sfsi_plus_gutenberg_icon_alignemt":"","sfsi_plus_gutenburg_max_per_row":"","footnotes":""},"categories":[2],"tags":[],"class_list":["post-172472","post","type-post","status-publish","format-standard","has-post-thumbnail","hentry","category-geral"],"_links":{"self":[{"href":"https:\/\/www.caririemacao.com\/1\/wp-json\/wp\/v2\/posts\/172472","targetHints":{"allow":["GET"]}}],"collection":[{"href":"https:\/\/www.caririemacao.com\/1\/wp-json\/wp\/v2\/posts"}],"about":[{"href":"https:\/\/www.caririemacao.com\/1\/wp-json\/wp\/v2\/types\/post"}],"author":[{"embeddable":true,"href":"https:\/\/www.caririemacao.com\/1\/wp-json\/wp\/v2\/users\/2"}],"replies":[{"embeddable":true,"href":"https:\/\/www.caririemacao.com\/1\/wp-json\/wp\/v2\/comments?post=172472"}],"version-history":[{"count":1,"href":"https:\/\/www.caririemacao.com\/1\/wp-json\/wp\/v2\/posts\/172472\/revisions"}],"predecessor-version":[{"id":172474,"href":"https:\/\/www.caririemacao.com\/1\/wp-json\/wp\/v2\/posts\/172472\/revisions\/172474"}],"wp:featuredmedia":[{"embeddable":true,"href":"https:\/\/www.caririemacao.com\/1\/wp-json\/wp\/v2\/media\/172473"}],"wp:attachment":[{"href":"https:\/\/www.caririemacao.com\/1\/wp-json\/wp\/v2\/media?parent=172472"}],"wp:term":[{"taxonomy":"category","embeddable":true,"href":"https:\/\/www.caririemacao.com\/1\/wp-json\/wp\/v2\/categories?post=172472"},{"taxonomy":"post_tag","embeddable":true,"href":"https:\/\/www.caririemacao.com\/1\/wp-json\/wp\/v2\/tags?post=172472"}],"curies":[{"name":"wp","href":"https:\/\/api.w.org\/{rel}","templated":true}]}}