{"id":172476,"date":"2020-06-02T08:00:30","date_gmt":"2020-06-02T11:00:30","guid":{"rendered":"https:\/\/www.caririemacao.com\/1\/?p=172476"},"modified":"2020-06-02T08:00:30","modified_gmt":"2020-06-02T11:00:30","slug":"projeto-propoe-transformar-o-bolsa-familia-em-programa-de-renda-minima","status":"publish","type":"post","link":"https:\/\/www.caririemacao.com\/1\/2020\/06\/02\/projeto-propoe-transformar-o-bolsa-familia-em-programa-de-renda-minima\/","title":{"rendered":"Projeto prop\u00f5e transformar o Bolsa Fam\u00edlia em programa de renda m\u00ednima"},"content":{"rendered":"\n<h1 class=\"wp-block-heading\"><\/h1>\n\n\n\n<p>Um dos assuntos mais frequentes durante as discuss\u00f5es a respeito do aux\u00edlio de R$ 600 pago aos trabalhadores informais \u00e9 a possibilidade de manter os repasses mesmo depois do fim da pandemia do novo coronav\u00edrus. A ideia de garantir uma renda b\u00e1sica universal \u00e0 popula\u00e7\u00e3o mais pobre n\u00e3o \u00e9 nova e estava muito\u00a0<strong>presente<\/strong>\u00a0no programa Bolsa Fam\u00edlia, que ganhou express\u00e3o nos governos de Luiz In\u00e1cio Lula da Silva e Dilma Rousseff. O aux\u00edlio financeiro amplo \u00e9 uma das bandeiras de d\u00e9cadas do ex-senador Eduardo Suplicy (PT), mas voltou \u00e0 tona devido \u00e0 crise social e econ\u00f4mica.<\/p>\n\n\n\n<p>Usar o banco de dados e a estrutura j\u00e1 existentes, para Serra, facilitaria as transfer\u00eancias, porque o sistema \u201cj\u00e1 conta com uma extensa capilaridade e com expertise\u201d. Assim, as transfer\u00eancias poderiam ser feitas de forma \u201cr\u00e1pida, sem altos custos administrativos, como hoje \u00e9 feito com o aux\u00edlio emergencial para segurar as pessoas contra a covid-19\u201d,&nbsp;<strong>prossegue&nbsp;<\/strong>a proposta.<br>O aux\u00edlio seria custeado com a cobran\u00e7a de tributo sobre a distribui\u00e7\u00e3o de lucros e dividendos de empresas para pessoa f\u00edsica. \u201cA isen\u00e7\u00e3o se mostrou ao longo do tempo um mecanismo de privil\u00e9gio tribut\u00e1rio, em benef\u00edcio de profissionais de alt\u00edssima renda por tr\u00e1s de pessoas jur\u00eddicas\u201d, argumenta o senador. Ele prop\u00f5e que a cobran\u00e7a seja progressiva, maior para os que ganham mais, e n\u00e3o inferior a 15%. \u201cAssim, \u00e9 poss\u00edvel assegurar um amplo programa de seguro social sem afetar o d\u00e9ficit prim\u00e1rio e o&nbsp;<strong>endividamento&nbsp;<\/strong>p\u00fablico\u201d, justifica o projeto do senador tucano.<br>Outras propostas est\u00e3o em estudo e devem ser avaliadas pelos parlamentares nos pr\u00f3ximos meses. A C\u00e2mara pretende criar uma frente parlamentar em defesa da renda b\u00e1sica, para se debru\u00e7ar sobre as propostas. H\u00e1 ideias, por&nbsp;<strong>exemplo<\/strong>, de substituir o Bolsa Fam\u00edlia, em vez de ampli\u00e1-lo. Mudar as diretrizes e come\u00e7ar do zero. Outros sugerem manter dois programas diferentes, sem mexer no Bolsa Fam\u00edlia. Os valores tamb\u00e9m variam.<\/p>\n","protected":false},"excerpt":{"rendered":"<p>Um dos assuntos mais frequentes durante as discuss\u00f5es a respeito do aux\u00edlio de R$ 600 pago aos trabalhadores informais \u00e9 a possibilidade de manter os&hellip; <\/p>\n","protected":false},"author":2,"featured_media":171771,"comment_status":"closed","ping_status":"closed","sticky":false,"template":"","format":"standard","meta":{"sfsi_plus_gutenberg_text_before_share":"","sfsi_plus_gutenberg_show_text_before_share":"","sfsi_plus_gutenberg_icon_type":"","sfsi_plus_gutenberg_icon_alignemt":"","sfsi_plus_gutenburg_max_per_row":"","footnotes":""},"categories":[2],"tags":[],"class_list":["post-172476","post","type-post","status-publish","format-standard","has-post-thumbnail","hentry","category-geral"],"_links":{"self":[{"href":"https:\/\/www.caririemacao.com\/1\/wp-json\/wp\/v2\/posts\/172476","targetHints":{"allow":["GET"]}}],"collection":[{"href":"https:\/\/www.caririemacao.com\/1\/wp-json\/wp\/v2\/posts"}],"about":[{"href":"https:\/\/www.caririemacao.com\/1\/wp-json\/wp\/v2\/types\/post"}],"author":[{"embeddable":true,"href":"https:\/\/www.caririemacao.com\/1\/wp-json\/wp\/v2\/users\/2"}],"replies":[{"embeddable":true,"href":"https:\/\/www.caririemacao.com\/1\/wp-json\/wp\/v2\/comments?post=172476"}],"version-history":[{"count":1,"href":"https:\/\/www.caririemacao.com\/1\/wp-json\/wp\/v2\/posts\/172476\/revisions"}],"predecessor-version":[{"id":172478,"href":"https:\/\/www.caririemacao.com\/1\/wp-json\/wp\/v2\/posts\/172476\/revisions\/172478"}],"wp:featuredmedia":[{"embeddable":true,"href":"https:\/\/www.caririemacao.com\/1\/wp-json\/wp\/v2\/media\/171771"}],"wp:attachment":[{"href":"https:\/\/www.caririemacao.com\/1\/wp-json\/wp\/v2\/media?parent=172476"}],"wp:term":[{"taxonomy":"category","embeddable":true,"href":"https:\/\/www.caririemacao.com\/1\/wp-json\/wp\/v2\/categories?post=172476"},{"taxonomy":"post_tag","embeddable":true,"href":"https:\/\/www.caririemacao.com\/1\/wp-json\/wp\/v2\/tags?post=172476"}],"curies":[{"name":"wp","href":"https:\/\/api.w.org\/{rel}","templated":true}]}}