{"id":172477,"date":"2020-06-02T08:02:35","date_gmt":"2020-06-02T11:02:35","guid":{"rendered":"https:\/\/www.caririemacao.com\/1\/?p=172477"},"modified":"2020-06-02T08:02:35","modified_gmt":"2020-06-02T11:02:35","slug":"policia-militar-realiza-higienizacao-em-viaturas-em-combate-ao-covid-19","status":"publish","type":"post","link":"https:\/\/www.caririemacao.com\/1\/2020\/06\/02\/policia-militar-realiza-higienizacao-em-viaturas-em-combate-ao-covid-19\/","title":{"rendered":"Pol\u00edcia Militar realiza higieniza\u00e7\u00e3o em  viaturas em combate ao Covid-19"},"content":{"rendered":"\n<p>Dentro as a\u00e7\u00f5es realizadas na Opera\u00e7\u00e3o Previna-se, como medidas para combate ao novo coronav\u00edrus, a Pol\u00edcia Militar em parceria com a Secretaria de Sa\u00fade do munic\u00edpio de Monteiro, realizaram nesta segunda-feira (1), a higieniza\u00e7\u00e3o de viaturas e da sede do 11\u00ba Batalh\u00e3o em Monteiro.<\/p>\n\n\n\n<p>A medida visa manter a seguran\u00e7a e prote\u00e7\u00e3o dos policiais em suas atividades durante patrulhamento, evitando assim o cont\u00e1gio e a dissemina\u00e7\u00e3o do v\u00edrus.<\/p>\n\n\n\n<p>Os militares da \u00e1rea da 14\u00aa \u00c1rea Integrada de Seguran\u00e7a P\u00fablica, est\u00e3o trabalhando incessantemente na preven\u00e7\u00e3o de crimes e no combate ao novo coronav\u00edrus na regi\u00e3o do Cariri.<\/p>\n\n\n\n<p><em>P\/5<\/em><br>Se\u00e7\u00e3o de Comunica\u00e7\u00e3o Social e Marketing Institucional &#8211; 11\u00ba BPM<\/p>\n","protected":false},"excerpt":{"rendered":"<p>Dentro as a\u00e7\u00f5es realizadas na Opera\u00e7\u00e3o Previna-se, como medidas para combate ao novo coronav\u00edrus, a Pol\u00edcia Militar em parceria com a Secretaria de Sa\u00fade do&hellip; <\/p>\n","protected":false},"author":1,"featured_media":172480,"comment_status":"closed","ping_status":"closed","sticky":false,"template":"","format":"standard","meta":{"sfsi_plus_gutenberg_text_before_share":"","sfsi_plus_gutenberg_show_text_before_share":"","sfsi_plus_gutenberg_icon_type":"","sfsi_plus_gutenberg_icon_alignemt":"","sfsi_plus_gutenburg_max_per_row":"","footnotes":""},"categories":[6,50],"tags":[],"class_list":["post-172477","post","type-post","status-publish","format-standard","has-post-thumbnail","hentry","category-cidades","category-destaque"],"_links":{"self":[{"href":"https:\/\/www.caririemacao.com\/1\/wp-json\/wp\/v2\/posts\/172477","targetHints":{"allow":["GET"]}}],"collection":[{"href":"https:\/\/www.caririemacao.com\/1\/wp-json\/wp\/v2\/posts"}],"about":[{"href":"https:\/\/www.caririemacao.com\/1\/wp-json\/wp\/v2\/types\/post"}],"author":[{"embeddable":true,"href":"https:\/\/www.caririemacao.com\/1\/wp-json\/wp\/v2\/users\/1"}],"replies":[{"embeddable":true,"href":"https:\/\/www.caririemacao.com\/1\/wp-json\/wp\/v2\/comments?post=172477"}],"version-history":[{"count":1,"href":"https:\/\/www.caririemacao.com\/1\/wp-json\/wp\/v2\/posts\/172477\/revisions"}],"predecessor-version":[{"id":172481,"href":"https:\/\/www.caririemacao.com\/1\/wp-json\/wp\/v2\/posts\/172477\/revisions\/172481"}],"wp:featuredmedia":[{"embeddable":true,"href":"https:\/\/www.caririemacao.com\/1\/wp-json\/wp\/v2\/media\/172480"}],"wp:attachment":[{"href":"https:\/\/www.caririemacao.com\/1\/wp-json\/wp\/v2\/media?parent=172477"}],"wp:term":[{"taxonomy":"category","embeddable":true,"href":"https:\/\/www.caririemacao.com\/1\/wp-json\/wp\/v2\/categories?post=172477"},{"taxonomy":"post_tag","embeddable":true,"href":"https:\/\/www.caririemacao.com\/1\/wp-json\/wp\/v2\/tags?post=172477"}],"curies":[{"name":"wp","href":"https:\/\/api.w.org\/{rel}","templated":true}]}}