{"id":172486,"date":"2020-06-02T08:06:33","date_gmt":"2020-06-02T11:06:33","guid":{"rendered":"https:\/\/www.caririemacao.com\/1\/?p=172486"},"modified":"2020-06-02T08:06:33","modified_gmt":"2020-06-02T11:06:33","slug":"pm-flagra-motorista-com-sintomas-de-embriaguez-no-cariri","status":"publish","type":"post","link":"https:\/\/www.caririemacao.com\/1\/2020\/06\/02\/pm-flagra-motorista-com-sintomas-de-embriaguez-no-cariri\/","title":{"rendered":"PM flagra motorista com sintomas de embriaguez no cariri"},"content":{"rendered":"\n<p>Por volta das 17h30min da segunda-feira (1), o 190 &#8211; COPOM do 11\u00ba Batalh\u00e3o, recebeu uma liga\u00e7\u00e3o telef\u00f4nica informando que na rua Rua S\u00e1tiro Feitosa, S\u00e3o Sebasti\u00e3o do Umbuzeiro, havia um homem portando uma arma de fogo.<\/p>\n\n\n\n<p>De imediato foram enviadas guarni\u00e7\u00f5es da Pol\u00edcia Militar e chegando ao local informado, os PMs avistaram o acusado pelas caracter\u00edsticas repassadas, o mesmo estava conduzindo uma moto Honda CG 125 FAN, cor preta.<\/p>\n\n\n\n<p>Ap\u00f3s ser realizada a abordagem, n\u00e3o foi encontrado nenhum abjeto referente a den\u00fancia, por\u00e9m o mesmo conduzia a motocicleta com sintomas de embriaguez alco\u00f3lica, o acusado foi submetido voluntariamente ao teste de alcoolemia com o etil\u00f4metro, onde foi constatado o uso de bebida alco\u00f3lica.<\/p>\n\n\n\n<p>Conforme determina o C\u00f3digo de Tr\u00e2nsito Brasileiro o condutor foi levado at\u00e9 a Delegacia de pol\u00edcia de Monteiro e l\u00e1 apresentado ao delegado para procedimentos jur\u00eddicos. O ve\u00edculo foi removido para o p\u00e1tio da 7\u00aa CIRETRAN.<\/p>\n\n\n\n<p><em>P\/5<\/em><br>Se\u00e7\u00e3o de Comunica\u00e7\u00e3o Social e Marketing Institucional &#8211; 11\u00ba BPM<\/p>\n","protected":false},"excerpt":{"rendered":"<p>Por volta das 17h30min da segunda-feira (1), o 190 &#8211; COPOM do 11\u00ba Batalh\u00e3o, recebeu uma liga\u00e7\u00e3o telef\u00f4nica informando que na rua Rua S\u00e1tiro Feitosa,&hellip; <\/p>\n","protected":false},"author":1,"featured_media":172489,"comment_status":"closed","ping_status":"closed","sticky":false,"template":"","format":"standard","meta":{"sfsi_plus_gutenberg_text_before_share":"","sfsi_plus_gutenberg_show_text_before_share":"","sfsi_plus_gutenberg_icon_type":"","sfsi_plus_gutenberg_icon_alignemt":"","sfsi_plus_gutenburg_max_per_row":"","footnotes":""},"categories":[50,12],"tags":[],"class_list":["post-172486","post","type-post","status-publish","format-standard","has-post-thumbnail","hentry","category-destaque","category-policia"],"_links":{"self":[{"href":"https:\/\/www.caririemacao.com\/1\/wp-json\/wp\/v2\/posts\/172486","targetHints":{"allow":["GET"]}}],"collection":[{"href":"https:\/\/www.caririemacao.com\/1\/wp-json\/wp\/v2\/posts"}],"about":[{"href":"https:\/\/www.caririemacao.com\/1\/wp-json\/wp\/v2\/types\/post"}],"author":[{"embeddable":true,"href":"https:\/\/www.caririemacao.com\/1\/wp-json\/wp\/v2\/users\/1"}],"replies":[{"embeddable":true,"href":"https:\/\/www.caririemacao.com\/1\/wp-json\/wp\/v2\/comments?post=172486"}],"version-history":[{"count":1,"href":"https:\/\/www.caririemacao.com\/1\/wp-json\/wp\/v2\/posts\/172486\/revisions"}],"predecessor-version":[{"id":172491,"href":"https:\/\/www.caririemacao.com\/1\/wp-json\/wp\/v2\/posts\/172486\/revisions\/172491"}],"wp:featuredmedia":[{"embeddable":true,"href":"https:\/\/www.caririemacao.com\/1\/wp-json\/wp\/v2\/media\/172489"}],"wp:attachment":[{"href":"https:\/\/www.caririemacao.com\/1\/wp-json\/wp\/v2\/media?parent=172486"}],"wp:term":[{"taxonomy":"category","embeddable":true,"href":"https:\/\/www.caririemacao.com\/1\/wp-json\/wp\/v2\/categories?post=172486"},{"taxonomy":"post_tag","embeddable":true,"href":"https:\/\/www.caririemacao.com\/1\/wp-json\/wp\/v2\/tags?post=172486"}],"curies":[{"name":"wp","href":"https:\/\/api.w.org\/{rel}","templated":true}]}}