{"id":172492,"date":"2020-06-02T08:13:31","date_gmt":"2020-06-02T11:13:31","guid":{"rendered":"https:\/\/www.caririemacao.com\/1\/?p=172492"},"modified":"2020-06-02T08:13:31","modified_gmt":"2020-06-02T11:13:31","slug":"prefeitura-de-caraubas-amplia-muro-do-campo-de-futebol-e-promete-fazer-estrutura-de-banco-de-reserva","status":"publish","type":"post","link":"https:\/\/www.caririemacao.com\/1\/2020\/06\/02\/prefeitura-de-caraubas-amplia-muro-do-campo-de-futebol-e-promete-fazer-estrutura-de-banco-de-reserva\/","title":{"rendered":"Prefeitura de Cara\u00fabas amplia muro do campo de futebol e promete fazer estrutura de banco de reserva"},"content":{"rendered":"\n<p>A Prefeitura Municipal de Cara\u00fabas atrav\u00e9s da SETur \u2013Secretaria do Turismo e a SOPSUR \u2013 Secretaria de Obras P\u00fablicas e Servi\u00e7os Urbanos est\u00e3o ampliando a estrutura do Est\u00e1dio de Futebol Jos\u00e9 Valderi Neves com a constru\u00e7\u00e3o do muro interno do campo de jogo e vesti\u00e1rios para os times que usam aquela pra\u00e7a de esportes.<\/p>\n\n\n\n<p><br>De acordo com o Secret\u00e1rio de Obras P\u00fablicas e Servi\u00e7os Urbanos do munic\u00edpio, Jos\u00e9 Marcelo Neves, depois da constru\u00e7\u00e3o da nova quadra de esportes no complexo do Est\u00e1dio houve a necessidade de se ampliar e construir um novo muro de prote\u00e7\u00e3o para o campo de jogo, afirmou ele. Al\u00e9m do muro de prote\u00e7\u00e3o, por determina\u00e7\u00e3o do prefeito Silvano Dudu, iremos construir a estrutura dos bancos de reserva para os clubes que se utilizam da pra\u00e7a de esportes, disse Marcelo.<br>Ser\u00e3o investidos recursos pr\u00f3prios na ordem de aproximadamente R$ 30.000,00(Trinta Mil reais) nesta constru\u00e7\u00e3o e reforma. Sabemos que o momento n\u00e3o \u00e9 bom em virtude da a\u00e7\u00e3o desse v\u00edrus, mas n\u00e3o podemos cruzar os bra\u00e7os diante de tantos problemas que surgem nas circunst\u00e2ncias atuais. Temos muitas obras em andamento no munic\u00edpio com investimentos de quase R$ 5.000.000,00 (Cinco Milh\u00f5es de Reais), afirmou o prefeito.<\/p>\n\n\n\n<p><br>Essa \u00e9 uma antiga reivindica\u00e7\u00e3o de atletas e desportistas do munic\u00edpio. Temos uma estrutura de um excelente Est\u00e1dio de Futebol, mas algumas pequenas obras s\u00e3o essenciais. Por isso, determinei ao setor de engenharia da SOPSUR proceder com a elabora\u00e7\u00e3o do Projeto de Engenharia e contrata\u00e7\u00e3o de uma empresa para realiza\u00e7\u00e3o dos servi\u00e7os, concluiu ele.<br>\u00c9 mais uma obra da atual gest\u00e3o que vai beneficiar centenas de pessoas que se utilizam dos servi\u00e7os do Est\u00e1dio Jos\u00e9 Valderi Neves, bem como, para alunos e professores do ensino p\u00fablico que desenvolvem suas atividades naquela pra esportiva.<\/p>\n\n\n\n<figure class=\"wp-block-image size-large\"><img fetchpriority=\"high\" decoding=\"async\" width=\"770\" height=\"577\" src=\"https:\/\/www.caririemacao.com\/1\/wp-content\/uploads\/2020\/06\/FB_IMG_1591096552524.jpg\" alt=\"\" class=\"wp-image-172495\" srcset=\"https:\/\/www.caririemacao.com\/1\/wp-content\/uploads\/2020\/06\/FB_IMG_1591096552524.jpg 770w, https:\/\/www.caririemacao.com\/1\/wp-content\/uploads\/2020\/06\/FB_IMG_1591096552524-300x225.jpg 300w, https:\/\/www.caririemacao.com\/1\/wp-content\/uploads\/2020\/06\/FB_IMG_1591096552524-768x576.jpg 768w\" sizes=\"(max-width: 770px) 100vw, 770px\" \/><\/figure>\n\n\n\n<figure class=\"wp-block-image size-large\"><img decoding=\"async\" width=\"770\" height=\"577\" data-src=\"https:\/\/www.caririemacao.com\/1\/wp-content\/uploads\/2020\/06\/FB_IMG_1591096549053-1.jpg\" alt=\"\" class=\"wp-image-172497 lazyload\" data-srcset=\"https:\/\/www.caririemacao.com\/1\/wp-content\/uploads\/2020\/06\/FB_IMG_1591096549053-1.jpg 770w, https:\/\/www.caririemacao.com\/1\/wp-content\/uploads\/2020\/06\/FB_IMG_1591096549053-1-300x225.jpg 300w, https:\/\/www.caririemacao.com\/1\/wp-content\/uploads\/2020\/06\/FB_IMG_1591096549053-1-768x576.jpg 768w\" data-sizes=\"(max-width: 770px) 100vw, 770px\" src=\"data:image\/svg+xml;base64,PHN2ZyB3aWR0aD0iMSIgaGVpZ2h0PSIxIiB4bWxucz0iaHR0cDovL3d3dy53My5vcmcvMjAwMC9zdmciPjwvc3ZnPg==\" style=\"--smush-placeholder-width: 770px; --smush-placeholder-aspect-ratio: 770\/577;\" \/><\/figure>\n\n\n\n<p>Fonte: SEPLACOM<br>Foto: MIGUEL FILHO<\/p>\n","protected":false},"excerpt":{"rendered":"<p>A Prefeitura Municipal de Cara\u00fabas atrav\u00e9s da SETur \u2013Secretaria do Turismo e a SOPSUR \u2013 Secretaria de Obras P\u00fablicas e Servi\u00e7os Urbanos est\u00e3o ampliando a&hellip; <\/p>\n","protected":false},"author":1,"featured_media":172496,"comment_status":"closed","ping_status":"closed","sticky":false,"template":"","format":"standard","meta":{"sfsi_plus_gutenberg_text_before_share":"","sfsi_plus_gutenberg_show_text_before_share":"","sfsi_plus_gutenberg_icon_type":"","sfsi_plus_gutenberg_icon_alignemt":"","sfsi_plus_gutenburg_max_per_row":"","footnotes":""},"categories":[6,50],"tags":[],"class_list":["post-172492","post","type-post","status-publish","format-standard","has-post-thumbnail","hentry","category-cidades","category-destaque"],"_links":{"self":[{"href":"https:\/\/www.caririemacao.com\/1\/wp-json\/wp\/v2\/posts\/172492","targetHints":{"allow":["GET"]}}],"collection":[{"href":"https:\/\/www.caririemacao.com\/1\/wp-json\/wp\/v2\/posts"}],"about":[{"href":"https:\/\/www.caririemacao.com\/1\/wp-json\/wp\/v2\/types\/post"}],"author":[{"embeddable":true,"href":"https:\/\/www.caririemacao.com\/1\/wp-json\/wp\/v2\/users\/1"}],"replies":[{"embeddable":true,"href":"https:\/\/www.caririemacao.com\/1\/wp-json\/wp\/v2\/comments?post=172492"}],"version-history":[{"count":1,"href":"https:\/\/www.caririemacao.com\/1\/wp-json\/wp\/v2\/posts\/172492\/revisions"}],"predecessor-version":[{"id":172498,"href":"https:\/\/www.caririemacao.com\/1\/wp-json\/wp\/v2\/posts\/172492\/revisions\/172498"}],"wp:featuredmedia":[{"embeddable":true,"href":"https:\/\/www.caririemacao.com\/1\/wp-json\/wp\/v2\/media\/172496"}],"wp:attachment":[{"href":"https:\/\/www.caririemacao.com\/1\/wp-json\/wp\/v2\/media?parent=172492"}],"wp:term":[{"taxonomy":"category","embeddable":true,"href":"https:\/\/www.caririemacao.com\/1\/wp-json\/wp\/v2\/categories?post=172492"},{"taxonomy":"post_tag","embeddable":true,"href":"https:\/\/www.caririemacao.com\/1\/wp-json\/wp\/v2\/tags?post=172492"}],"curies":[{"name":"wp","href":"https:\/\/api.w.org\/{rel}","templated":true}]}}