{"id":172499,"date":"2020-06-02T08:16:07","date_gmt":"2020-06-02T11:16:07","guid":{"rendered":"https:\/\/www.caririemacao.com\/1\/?p=172499"},"modified":"2020-06-02T08:16:07","modified_gmt":"2020-06-02T11:16:07","slug":"secretaria-de-servicos-urbanos-de-caraubas-realiza-a-limpeza-de-canal","status":"publish","type":"post","link":"https:\/\/www.caririemacao.com\/1\/2020\/06\/02\/secretaria-de-servicos-urbanos-de-caraubas-realiza-a-limpeza-de-canal\/","title":{"rendered":"Secretaria de Servi\u00e7os Urbanos de Cara\u00fabas realiza a limpeza de canal"},"content":{"rendered":"\n<p>A Prefeitura Municipal de Cara\u00fabas atrav\u00e9s da SOPSUR \u2013 Secretaria de Obras P\u00fablicas e Servi\u00e7os Urbanos iniciou esta semana a limpeza de uma dos canais existentes dentro do per\u00edmetro urbano. Mais conhecido como riacho do Bola, o c\u00f3rrego se encontra totalmente coberto pela vegeta\u00e7\u00e3o nativa de algarobas e outras ervas daninhas.<\/p>\n\n\n\n<p><br>De acordo com o Secret\u00e1rio de Obras P\u00fablicas e Servi\u00e7os Urbanos do munic\u00edpio, Jos\u00e9 Marcelo Neves, os servi\u00e7os s\u00f3 est\u00e3o sendo poss\u00edveis de realiza\u00e7\u00e3o gra\u00e7as \u00e0 contrata\u00e7\u00e3o de um trator de esteira e uma PC pela Prefeitura Municipal de Cara\u00fabas. Esses equipamentos ir\u00e3o facilitar o adiantamento de limpeza dessa \u00e1rea do canal e de outras essenciais do munic\u00edpio, afirmou Marcelo.<\/p>\n\n\n\n<p><br>Essa \u00e9 uma antiga reivindica\u00e7\u00e3o dos moradores residentes pr\u00f3ximos a essa \u00e1rea, em virtude do aparecimento de muri\u00e7ocas, mosquitos transmissores de doen\u00e7as como o da dengue, ratos, sapos e outros animais nocivos aos humanos. Tivemos uma preocupa\u00e7\u00e3o ainda maior, pois, com a diminui\u00e7\u00e3o do per\u00edodo das chuvas ocorre o crescimento natural da vegeta\u00e7\u00e3o, disse ele.<\/p>\n\n\n\n<p><br>O riacho do bola esta numa \u00e1rea de Preserva\u00e7\u00e3o Permanente conforme estipulado no Plano Diretor Participativo do munic\u00edpio de Cara\u00fabas sendo proibida qualquer tipo de constru\u00e7\u00e3o residencial ou comercial. A Prefeitura estuda a possibilidade de urbaniza\u00e7\u00e3o da \u00e1rea com a elabora\u00e7\u00e3o de um projeto que possa contemplar o escoamento das \u00e1guas pluviais do munic\u00edpio.<\/p>\n\n\n\n<p><br>O prefeito Silvano Dudu afirmou ser uma preocupa\u00e7\u00e3o da atual gest\u00e3o realizar a limpeza de \u00e1reas p\u00fablicas ocupadas pela coloca\u00e7\u00e3o irregular de lixo ou pela cria\u00e7\u00e3o de mato. Como n\u00e3o dispomos de um trator de esteira para realizar esse tipo de servi\u00e7o tivemos que contratar essa m\u00e3o de obra com o objetivo de desobstruir o matagal existente hoje nessa e em outras \u00e1reas, concluiu ele.<\/p>\n\n\n\n<p>Fonte: SEPLACOM<br>Fotos: MIGUEL FILHO<\/p>\n","protected":false},"excerpt":{"rendered":"<p>A Prefeitura Municipal de Cara\u00fabas atrav\u00e9s da SOPSUR \u2013 Secretaria de Obras P\u00fablicas e Servi\u00e7os Urbanos iniciou esta semana a limpeza de uma dos canais&hellip; <\/p>\n","protected":false},"author":1,"featured_media":172500,"comment_status":"closed","ping_status":"closed","sticky":false,"template":"","format":"standard","meta":{"sfsi_plus_gutenberg_text_before_share":"","sfsi_plus_gutenberg_show_text_before_share":"","sfsi_plus_gutenberg_icon_type":"","sfsi_plus_gutenberg_icon_alignemt":"","sfsi_plus_gutenburg_max_per_row":"","footnotes":""},"categories":[6,50],"tags":[],"class_list":["post-172499","post","type-post","status-publish","format-standard","has-post-thumbnail","hentry","category-cidades","category-destaque"],"_links":{"self":[{"href":"https:\/\/www.caririemacao.com\/1\/wp-json\/wp\/v2\/posts\/172499","targetHints":{"allow":["GET"]}}],"collection":[{"href":"https:\/\/www.caririemacao.com\/1\/wp-json\/wp\/v2\/posts"}],"about":[{"href":"https:\/\/www.caririemacao.com\/1\/wp-json\/wp\/v2\/types\/post"}],"author":[{"embeddable":true,"href":"https:\/\/www.caririemacao.com\/1\/wp-json\/wp\/v2\/users\/1"}],"replies":[{"embeddable":true,"href":"https:\/\/www.caririemacao.com\/1\/wp-json\/wp\/v2\/comments?post=172499"}],"version-history":[{"count":1,"href":"https:\/\/www.caririemacao.com\/1\/wp-json\/wp\/v2\/posts\/172499\/revisions"}],"predecessor-version":[{"id":172501,"href":"https:\/\/www.caririemacao.com\/1\/wp-json\/wp\/v2\/posts\/172499\/revisions\/172501"}],"wp:featuredmedia":[{"embeddable":true,"href":"https:\/\/www.caririemacao.com\/1\/wp-json\/wp\/v2\/media\/172500"}],"wp:attachment":[{"href":"https:\/\/www.caririemacao.com\/1\/wp-json\/wp\/v2\/media?parent=172499"}],"wp:term":[{"taxonomy":"category","embeddable":true,"href":"https:\/\/www.caririemacao.com\/1\/wp-json\/wp\/v2\/categories?post=172499"},{"taxonomy":"post_tag","embeddable":true,"href":"https:\/\/www.caririemacao.com\/1\/wp-json\/wp\/v2\/tags?post=172499"}],"curies":[{"name":"wp","href":"https:\/\/api.w.org\/{rel}","templated":true}]}}