{"id":17250,"date":"2017-04-05T12:06:32","date_gmt":"2017-04-05T15:06:32","guid":{"rendered":"http:\/\/caririemacao.com\/1\/?p=17250"},"modified":"2017-04-05T12:06:32","modified_gmt":"2017-04-05T15:06:32","slug":"caixa-antecipa-pagamento-do-fgts-para-nascidos-ate-maio","status":"publish","type":"post","link":"https:\/\/www.caririemacao.com\/1\/2017\/04\/05\/caixa-antecipa-pagamento-do-fgts-para-nascidos-ate-maio\/","title":{"rendered":"Caixa antecipa pagamento do FGTS para nascidos at\u00e9 maio"},"content":{"rendered":"<div class=\"default\">\n<p>O pagamento das contas inativas do Fundo de Garantia do Tempo de Servi\u00e7o (FGTS) para trabalhadores nascidos em mar\u00e7o, abril e maio foi antecipado do dia 10 para o pr\u00f3ximo s\u00e1bado (8) deste m\u00eas.<\/p>\n<p>Mais de 7,7 milh\u00f5es de brasileiros t\u00eam direito ao saque a partir de abril, com valor dispon\u00edvel acima de R$ 11,2 bilh\u00f5es, informou hoje (5) a Caixa Econ\u00f4mica Federal.<\/p>\n<p>Cerca de 2,3 milh\u00f5es de trabalhadores (30%) receber\u00e3o automaticamente o cr\u00e9dito nas contas da Caixa Econ\u00f4mica Federal no dia 8 de abril.<\/p>\n<p class=\"autor-not\"><strong><span style=\"font-family: 'Georgia','serif'; color: #333333;\">CARIRI EM A\u00c7\u00c3O\u00a0<\/span><\/strong><\/p>\n<\/div>\n<p><span style=\"font-family: 'Georgia','serif'; color: #333333;\">Com Portal Exame\/Foto: Reprodu\u00e7\u00e3o<\/span><\/p>\n<p><strong><span style=\"font-family: 'Georgia','serif'; color: #333333;\">Leia mais not\u00edcias em\u00a0<\/span><\/strong><a href=\"http:\/\/www.caririemacao.com\/\"><strong><span style=\"font-family: 'Georgia','serif';\">caririemacao.com<\/span><\/strong><\/a><strong><span style=\"font-family: 'Georgia','serif'; color: #333333;\">, siga nossa p\u00e1gina no<\/span><\/strong><a href=\"https:\/\/www.facebook.com\/CaririEmAcao\/\"><strong><span style=\"font-family: 'Georgia','serif';\">\u00a0Facebook<\/span><\/strong><\/a><strong><span style=\"font-family: 'Georgia','serif'; color: #333333;\">\u00a0e\u00a0<a href=\"https:\/\/www.instagram.com\/cariri_em_acao\/?hl=pt-br\">Instagram<\/a>\u00a0veja nossas mat\u00e9rias e fotos. Voc\u00ea tamb\u00e9m pode enviar informa\u00e7\u00f5es \u00e0 Reda\u00e7\u00e3o do Portal Cariri em A\u00e7\u00e3o pelo WhatsApp (83) 9 9634.5791, (83) 9 9601-1162 ou (83) 9 994189.<\/span><\/strong><\/p>\n","protected":false},"excerpt":{"rendered":"<p>O pagamento das contas inativas do Fundo de Garantia do Tempo de Servi\u00e7o (FGTS) para trabalhadores nascidos em mar\u00e7o, abril e maio foi antecipado do&hellip; <\/p>\n","protected":false},"author":2,"featured_media":17251,"comment_status":"closed","ping_status":"closed","sticky":false,"template":"","format":"standard","meta":{"sfsi_plus_gutenberg_text_before_share":"","sfsi_plus_gutenberg_show_text_before_share":"","sfsi_plus_gutenberg_icon_type":"","sfsi_plus_gutenberg_icon_alignemt":"","sfsi_plus_gutenburg_max_per_row":"","footnotes":""},"categories":[2],"tags":[],"class_list":["post-17250","post","type-post","status-publish","format-standard","has-post-thumbnail","hentry","category-geral"],"_links":{"self":[{"href":"https:\/\/www.caririemacao.com\/1\/wp-json\/wp\/v2\/posts\/17250","targetHints":{"allow":["GET"]}}],"collection":[{"href":"https:\/\/www.caririemacao.com\/1\/wp-json\/wp\/v2\/posts"}],"about":[{"href":"https:\/\/www.caririemacao.com\/1\/wp-json\/wp\/v2\/types\/post"}],"author":[{"embeddable":true,"href":"https:\/\/www.caririemacao.com\/1\/wp-json\/wp\/v2\/users\/2"}],"replies":[{"embeddable":true,"href":"https:\/\/www.caririemacao.com\/1\/wp-json\/wp\/v2\/comments?post=17250"}],"version-history":[{"count":0,"href":"https:\/\/www.caririemacao.com\/1\/wp-json\/wp\/v2\/posts\/17250\/revisions"}],"wp:featuredmedia":[{"embeddable":true,"href":"https:\/\/www.caririemacao.com\/1\/wp-json\/wp\/v2\/media\/17251"}],"wp:attachment":[{"href":"https:\/\/www.caririemacao.com\/1\/wp-json\/wp\/v2\/media?parent=17250"}],"wp:term":[{"taxonomy":"category","embeddable":true,"href":"https:\/\/www.caririemacao.com\/1\/wp-json\/wp\/v2\/categories?post=17250"},{"taxonomy":"post_tag","embeddable":true,"href":"https:\/\/www.caririemacao.com\/1\/wp-json\/wp\/v2\/tags?post=17250"}],"curies":[{"name":"wp","href":"https:\/\/api.w.org\/{rel}","templated":true}]}}