{"id":172502,"date":"2020-06-02T08:19:48","date_gmt":"2020-06-02T11:19:48","guid":{"rendered":"https:\/\/www.caririemacao.com\/1\/?p=172502"},"modified":"2020-06-02T08:19:48","modified_gmt":"2020-06-02T11:19:48","slug":"prefeitura-de-caraubas-conclui-obras-dos-portais-de-acesso-a-cidade","status":"publish","type":"post","link":"https:\/\/www.caririemacao.com\/1\/2020\/06\/02\/prefeitura-de-caraubas-conclui-obras-dos-portais-de-acesso-a-cidade\/","title":{"rendered":"Prefeitura de Cara\u00fabas conclui obras dos portais de acesso a cidade"},"content":{"rendered":"\n<p>A Prefeitura Municipal de Cara\u00fabas atrav\u00e9s da SOPSUR \u2013 Secretaria de Obras P\u00fablicas e Servi\u00e7os Urbanos conclui as obras de constru\u00e7\u00e3o dos 03(tr\u00eas)portais de acesso ao munic\u00edpio localizados nas rodovias PB 196 e 186. Foram investidos recursos na ordem de R$ 304.000,00 (Trezentos e Quatro Mil Reais), sendo destes R$ 11.700,00 (Onze Mil e Setecentos Reais) de contrapartida com recursos pr\u00f3prios.<\/p>\n\n\n\n<p><br>A Construtora A&amp;F Engenharia recebeu a \u00faltima parcela dos recursos oriundos da medi\u00e7\u00e3o apresentada e a Prefeitura j\u00e1 efetuou a devida presta\u00e7\u00e3o de contas junto ao governo federal, garantindo a sua conclus\u00e3o total do processo. O engenheiro Aroldo, respons\u00e1vel pela obra disse que a mesma sofreu alguns atrasos em virtude da falta de parte de material no com\u00e9rcio local, como as pastilhas que comp\u00f5e o revestimento. Tivemos que aguardar quase tr\u00eas meses para que esse material viesse direto da f\u00e1brica, disse ele.<\/p>\n\n\n\n<p><br>O prefeito Silvano Dudu lembrou que essa obra s\u00f3 foi poss\u00edvel gra\u00e7as a uma emenda parlamentar de autoria do senador Jos\u00e9 Maranh\u00e3o. Ele garantiu a emenda quando estivemos pessoalmente em seus gabinete em Bras\u00edlia no m\u00eas de Fevereiro de 2017 e n\u00f3s garantimos a elabora\u00e7\u00e3o do projeto executivo, de engenharia e arquitet\u00f4nico, disse ele.<\/p>\n\n\n\n<p><br>Quero aqui agradecer as secretarias envolvidas desde a Educa\u00e7\u00e3o quando realizou o processo de escolha dos desenhos com os alunos da rede p\u00fablica, a SEPLACOM respons\u00e1vel direto pelo cadastramento da proposta e elabora\u00e7\u00e3o do projeto, a Secretaria de Obras P\u00fablicas e Servi\u00e7os Urbanos e, por fim, a Secretaria do Turismo \u2013 SETur, pelo empenho nessa obra.<\/p>\n\n\n\n<p><br>De acordo com o prefeito a obra ser\u00e1 entregue a popula\u00e7\u00e3o em data ainda a ser agendada, pois, em respeito as determina\u00e7\u00f5es das autoridades sanit\u00e1rias em n\u00e3o aglomerar, deveremos realizar a entrega solene de forma simb\u00f3lica e com transmiss\u00e3o, ao vivo, com a presen\u00e7a de poucas pessoas, inclusive as alunas que ser\u00e3o contempladas pelo munic\u00edpio com uma premia\u00e7\u00e3o pela importante contribui\u00e7\u00e3o para o nosso munic\u00edpio, finalizou ele.<\/p>\n\n\n\n<figure class=\"wp-block-image size-large\"><img fetchpriority=\"high\" decoding=\"async\" width=\"770\" height=\"577\" src=\"https:\/\/www.caririemacao.com\/1\/wp-content\/uploads\/2020\/06\/FB_IMG_1591096974980.jpg\" alt=\"\" class=\"wp-image-172504\" srcset=\"https:\/\/www.caririemacao.com\/1\/wp-content\/uploads\/2020\/06\/FB_IMG_1591096974980.jpg 770w, https:\/\/www.caririemacao.com\/1\/wp-content\/uploads\/2020\/06\/FB_IMG_1591096974980-300x225.jpg 300w, https:\/\/www.caririemacao.com\/1\/wp-content\/uploads\/2020\/06\/FB_IMG_1591096974980-768x576.jpg 768w\" sizes=\"(max-width: 770px) 100vw, 770px\" \/><\/figure>\n\n\n\n<figure class=\"wp-block-image size-large\"><img decoding=\"async\" width=\"770\" height=\"577\" data-src=\"https:\/\/www.caririemacao.com\/1\/wp-content\/uploads\/2020\/06\/FB_IMG_1591097050588.jpg\" alt=\"\" class=\"wp-image-172505 lazyload\" data-srcset=\"https:\/\/www.caririemacao.com\/1\/wp-content\/uploads\/2020\/06\/FB_IMG_1591097050588.jpg 770w, https:\/\/www.caririemacao.com\/1\/wp-content\/uploads\/2020\/06\/FB_IMG_1591097050588-300x225.jpg 300w, https:\/\/www.caririemacao.com\/1\/wp-content\/uploads\/2020\/06\/FB_IMG_1591097050588-768x576.jpg 768w\" data-sizes=\"(max-width: 770px) 100vw, 770px\" src=\"data:image\/svg+xml;base64,PHN2ZyB3aWR0aD0iMSIgaGVpZ2h0PSIxIiB4bWxucz0iaHR0cDovL3d3dy53My5vcmcvMjAwMC9zdmciPjwvc3ZnPg==\" style=\"--smush-placeholder-width: 770px; --smush-placeholder-aspect-ratio: 770\/577;\" \/><\/figure>\n\n\n\n<figure class=\"wp-block-image size-large\"><img decoding=\"async\" width=\"770\" height=\"577\" data-src=\"https:\/\/www.caririemacao.com\/1\/wp-content\/uploads\/2020\/06\/FB_IMG_1591097053415.jpg\" alt=\"\" class=\"wp-image-172506 lazyload\" data-srcset=\"https:\/\/www.caririemacao.com\/1\/wp-content\/uploads\/2020\/06\/FB_IMG_1591097053415.jpg 770w, https:\/\/www.caririemacao.com\/1\/wp-content\/uploads\/2020\/06\/FB_IMG_1591097053415-300x225.jpg 300w, https:\/\/www.caririemacao.com\/1\/wp-content\/uploads\/2020\/06\/FB_IMG_1591097053415-768x576.jpg 768w\" data-sizes=\"(max-width: 770px) 100vw, 770px\" src=\"data:image\/svg+xml;base64,PHN2ZyB3aWR0aD0iMSIgaGVpZ2h0PSIxIiB4bWxucz0iaHR0cDovL3d3dy53My5vcmcvMjAwMC9zdmciPjwvc3ZnPg==\" style=\"--smush-placeholder-width: 770px; --smush-placeholder-aspect-ratio: 770\/577;\" \/><\/figure>\n\n\n\n<p>Fonte: SEPLACOM<br>Fotos: MIGUEL FILHO<\/p>\n","protected":false},"excerpt":{"rendered":"<p>A Prefeitura Municipal de Cara\u00fabas atrav\u00e9s da SOPSUR \u2013 Secretaria de Obras P\u00fablicas e Servi\u00e7os Urbanos conclui as obras de constru\u00e7\u00e3o dos 03(tr\u00eas)portais de acesso&hellip; <\/p>\n","protected":false},"author":1,"featured_media":172503,"comment_status":"closed","ping_status":"closed","sticky":false,"template":"","format":"standard","meta":{"sfsi_plus_gutenberg_text_before_share":"","sfsi_plus_gutenberg_show_text_before_share":"","sfsi_plus_gutenberg_icon_type":"","sfsi_plus_gutenberg_icon_alignemt":"","sfsi_plus_gutenburg_max_per_row":"","footnotes":""},"categories":[6,50],"tags":[],"class_list":["post-172502","post","type-post","status-publish","format-standard","has-post-thumbnail","hentry","category-cidades","category-destaque"],"_links":{"self":[{"href":"https:\/\/www.caririemacao.com\/1\/wp-json\/wp\/v2\/posts\/172502","targetHints":{"allow":["GET"]}}],"collection":[{"href":"https:\/\/www.caririemacao.com\/1\/wp-json\/wp\/v2\/posts"}],"about":[{"href":"https:\/\/www.caririemacao.com\/1\/wp-json\/wp\/v2\/types\/post"}],"author":[{"embeddable":true,"href":"https:\/\/www.caririemacao.com\/1\/wp-json\/wp\/v2\/users\/1"}],"replies":[{"embeddable":true,"href":"https:\/\/www.caririemacao.com\/1\/wp-json\/wp\/v2\/comments?post=172502"}],"version-history":[{"count":1,"href":"https:\/\/www.caririemacao.com\/1\/wp-json\/wp\/v2\/posts\/172502\/revisions"}],"predecessor-version":[{"id":172507,"href":"https:\/\/www.caririemacao.com\/1\/wp-json\/wp\/v2\/posts\/172502\/revisions\/172507"}],"wp:featuredmedia":[{"embeddable":true,"href":"https:\/\/www.caririemacao.com\/1\/wp-json\/wp\/v2\/media\/172503"}],"wp:attachment":[{"href":"https:\/\/www.caririemacao.com\/1\/wp-json\/wp\/v2\/media?parent=172502"}],"wp:term":[{"taxonomy":"category","embeddable":true,"href":"https:\/\/www.caririemacao.com\/1\/wp-json\/wp\/v2\/categories?post=172502"},{"taxonomy":"post_tag","embeddable":true,"href":"https:\/\/www.caririemacao.com\/1\/wp-json\/wp\/v2\/tags?post=172502"}],"curies":[{"name":"wp","href":"https:\/\/api.w.org\/{rel}","templated":true}]}}