{"id":172508,"date":"2020-06-02T08:37:00","date_gmt":"2020-06-02T11:37:00","guid":{"rendered":"https:\/\/www.caririemacao.com\/1\/?p=172508"},"modified":"2020-06-02T08:37:00","modified_gmt":"2020-06-02T11:37:00","slug":"tjpb-aprova-voto-de-aplauso-aos-profissionais-de-saude-que-estao-no-combate-a-covid-19","status":"publish","type":"post","link":"https:\/\/www.caririemacao.com\/1\/2020\/06\/02\/tjpb-aprova-voto-de-aplauso-aos-profissionais-de-saude-que-estao-no-combate-a-covid-19\/","title":{"rendered":"TJPB aprova voto de aplauso aos profissionais de sa\u00fade que est\u00e3o no combate \u00e0 Covid-19"},"content":{"rendered":"\n<h1 class=\"wp-block-heading\"><\/h1>\n\n\n\n<p>O Tribunal de Justi\u00e7a da Para\u00edba (TJPB) aprovou, em sess\u00e3o ordin\u00e1ria, voto de aplauso a profissionais da \u00e1rea da Sa\u00fade, que est\u00e3o atuando na linha de frente de&nbsp; combate \u00e0 Covid-19, no Estado.<\/p>\n\n\n\n<p>A propositura foi do desembargador Oswaldo Trigueiro e foi aprovado por unanimidade pelo membros da Corte. O presidente do TJPB, desembargador M\u00e1rcio Murilo da Cunha Ramos, atrav\u00e9s de of\u00edcio encaminhado para o secret\u00e1rio de Sa\u00fade, Geraldo Medeiros, ressaltou o comprometimento dos profissionais da sa\u00fade, por eles estarem expondo suas vidas diariamente, para salvar outras pessoas durante a pandemia do novo coronav\u00edrus.<\/p>\n\n\n\n<figure><iframe width=\"728\" height=\"90\"><\/iframe><\/figure>\n\n\n\n<p>\u201cOs desembargadores enalteceram os relevantes trabalhos prestados a sociedade, pelos profissionais da Sa\u00fade, sendo louv\u00e1vel o comprometimento e profissionalismo dessas pessoas que, diariamente, saem das suas casas para atuar na linha de frente e combate, expondo-se a riscos em favor de salvar vidas\u201d, afirmou.<\/p>\n\n\n\n<h3 class=\"wp-block-heading\">Veja documento<\/h3>\n\n\n\n<figure class=\"wp-block-image\"><img decoding=\"async\" data-src=\"https:\/\/i0.wp.com\/paraibaja.com.br\/wp-content\/uploads\/2020\/06\/WhatsApp-Image-2020-06-01-at-16.02.14.jpeg?resize=225%2C300&amp;ssl=1\" alt=\"\" class=\"wp-image-184912 lazyload\" src=\"data:image\/svg+xml;base64,PHN2ZyB3aWR0aD0iMSIgaGVpZ2h0PSIxIiB4bWxucz0iaHR0cDovL3d3dy53My5vcmcvMjAwMC9zdmciPjwvc3ZnPg==\" \/><\/figure>\n","protected":false},"excerpt":{"rendered":"<p>O Tribunal de Justi\u00e7a da Para\u00edba (TJPB) aprovou, em sess\u00e3o ordin\u00e1ria, voto de aplauso a profissionais da \u00e1rea da Sa\u00fade, que est\u00e3o atuando na linha&hellip; <\/p>\n","protected":false},"author":2,"featured_media":172509,"comment_status":"closed","ping_status":"closed","sticky":false,"template":"","format":"standard","meta":{"sfsi_plus_gutenberg_text_before_share":"","sfsi_plus_gutenberg_show_text_before_share":"","sfsi_plus_gutenberg_icon_type":"","sfsi_plus_gutenberg_icon_alignemt":"","sfsi_plus_gutenburg_max_per_row":"","footnotes":""},"categories":[2],"tags":[],"class_list":["post-172508","post","type-post","status-publish","format-standard","has-post-thumbnail","hentry","category-geral"],"_links":{"self":[{"href":"https:\/\/www.caririemacao.com\/1\/wp-json\/wp\/v2\/posts\/172508","targetHints":{"allow":["GET"]}}],"collection":[{"href":"https:\/\/www.caririemacao.com\/1\/wp-json\/wp\/v2\/posts"}],"about":[{"href":"https:\/\/www.caririemacao.com\/1\/wp-json\/wp\/v2\/types\/post"}],"author":[{"embeddable":true,"href":"https:\/\/www.caririemacao.com\/1\/wp-json\/wp\/v2\/users\/2"}],"replies":[{"embeddable":true,"href":"https:\/\/www.caririemacao.com\/1\/wp-json\/wp\/v2\/comments?post=172508"}],"version-history":[{"count":1,"href":"https:\/\/www.caririemacao.com\/1\/wp-json\/wp\/v2\/posts\/172508\/revisions"}],"predecessor-version":[{"id":172510,"href":"https:\/\/www.caririemacao.com\/1\/wp-json\/wp\/v2\/posts\/172508\/revisions\/172510"}],"wp:featuredmedia":[{"embeddable":true,"href":"https:\/\/www.caririemacao.com\/1\/wp-json\/wp\/v2\/media\/172509"}],"wp:attachment":[{"href":"https:\/\/www.caririemacao.com\/1\/wp-json\/wp\/v2\/media?parent=172508"}],"wp:term":[{"taxonomy":"category","embeddable":true,"href":"https:\/\/www.caririemacao.com\/1\/wp-json\/wp\/v2\/categories?post=172508"},{"taxonomy":"post_tag","embeddable":true,"href":"https:\/\/www.caririemacao.com\/1\/wp-json\/wp\/v2\/tags?post=172508"}],"curies":[{"name":"wp","href":"https:\/\/api.w.org\/{rel}","templated":true}]}}